{"id":3149,"date":"2023-11-12T14:39:21","date_gmt":"2023-11-12T13:39:21","guid":{"rendered":"https:\/\/demotickerberlin.noblogs.org\/?p=3149"},"modified":"2023-11-12T14:53:32","modified_gmt":"2023-11-12T13:53:32","slug":"ceasefire-now-13-11-2023","status":"publish","type":"post","link":"https:\/\/demotickerberlin.noblogs.org\/?p=3149","title":{"rendered":"Ceasefire NOW! (13.11.2023)"},"content":{"rendered":"<div style=\"text-align: center\"><img loading=\"lazy\" decoding=\"async\" class=\"aligncenter wp-image-6411 size-full\" src=\"https:\/\/asanb.noblogs.org\/files\/2023\/11\/b1311_1_1.jpg\" alt=\"\" width=\"1080\" height=\"1080\" \/><\/div>\n<div><\/div>\n<div><\/div>\n<p><strong>\ud83d\udca5Montag 13.11.2023\ud83d\udca5<\/strong><\/p>\n<p>wir berichten am Montag #b1311 <strong>ab 18:00 Uhr\u00a0<\/strong>von der Kundgebung<\/p>\n<p><strong>\ud83d\udd25Ceasefire NOW!\ud83d\udd25<\/strong><\/p>\n<p><strong>Montag, 13.11.2023 | 18:00 Uhr | Hackescher Markt 10178 Berlin<\/strong><\/p>\n<p><strong>Anreise: S3, S5, S7, S9, Tram M1, M4, M5, M6<\/strong><\/p>\n<p>\ud83d\udce3Aufruf: <a href=\"https:\/\/www.instagram.com\/p\/CzbrAkiML6b\/\" target=\"_blank\" rel=\"noopener\">https:\/\/www.instagram.com\/p\/CzbrAkiML6b\/<\/a><\/p>\n<p>Web-Ticker:\u00a0<a href=\"https:\/\/berlin.demoticker.org\" target=\"_blank\" rel=\"noopener\">https:\/\/berlin.demoticker.org<\/a><br \/>\nMastodon:\u00a0@<a href=\"https:\/\/todon.eu\/@Demo_Ticker_Berlin\" target=\"_blank\" rel=\"noopener\">Demo_Ticker_Berlin@todon.eu<\/a><br \/>\nTelegram Ticker:\u00a0<a href=\"https:\/\/t.me\/demotickerberlin\" target=\"_blank\" rel=\"noopener\">https:\/\/t.me\/demotickerberlin<\/a><br \/>\nHashtags: #b1311 #CeasefireNOW<\/p>\n<p>In Gedenken an all die Menschen in Israel und Pal\u00e4stina, die seit dem 07. Oktober get\u00f6tet, entf\u00fchrt, verletzt oder vertrieben wurden, fordern wir:<\/p>\n<ul>\n<li>Keine Bomben, keine Raketen &#8211; Waffenstillstand jetzt!<\/li>\n<li>Sofortige Freilassung der Geiseln!<\/li>\n<li>Ein Ende der Blockade und Freiheit f\u00fcr zivile Gefangene!<\/li>\n<li>Antisemitismus und Rassismus bek\u00e4mpfen!<\/li>\n<li>F\u00fcr Menschlichkeit und Menschenrechte!<\/li>\n<li>Unrecht kann nicht mit Unrecht bek\u00e4mpft werden!<\/li>\n<\/ul>\n<p>Wir wollen uns am 13. November gegen die Gewalt und Entmenschlichung stellen und ein klares Zeichen setzen.<\/p>\n<p>Wir trauern um alle Opfer in Israel\/Pal\u00e4stina, jedes weitere ist ein Opfer zu viel!<\/p>\n<p>Wir gedenken den am 7. Oktober 2023 durch die Hamas und verb\u00fcndete Gruppen ermordeten, verletzten und entf\u00fchrten Menschen.<\/p>\n<p><strong>Alle Geiseln m\u00fcssen sofort freigelassen werden! <\/strong><\/p>\n<p>Wir gedenken den seit dem 07. Oktober 2023 durch die Angriffe der israelischen Armee und ihrer Folgen in Gaza und der Westbank get\u00f6teten, verletzten, vertriebenen und zu Unrecht inhaftierten Menschen.<\/p>\n<p><strong>Es braucht einen sofortigen Waffenstillstand!<\/strong><\/p>\n<p>Unser Mitgef\u00fchl gilt den Familien und Freund*innen aller Ermordeten, allen Entf\u00fchrten, allen zu Unrecht Gefangenen. Unsere Gedanken sind bei den Menschen in Israel\/Pal\u00e4stina, die Tage voller Angst und Schrecken erleben!<\/p>\n<p>Die aktuelle Situation in Israel\/Pal\u00e4stina verschlimmert das Leid auf allen Seiten:<strong> jeden Tag.<\/strong> Sie entmenschlicht: <strong>jeden Tag.<\/strong><\/p>\n<p>Die Bombardierungen von Gefl\u00fcchtetenlagern, das Hinnehmen tausender ziviler Opfer, das Ausschalten von Krankenh\u00e4usern &#8211; die Menschen in Gaza sehen schmerzhaft, dass ihre Leben nicht z\u00e4hlen.<\/p>\n<p>Das ist Unrecht, das ist Leid. In Israel sind die Menschen in Trauer um ihre Liebsten, wissen nicht, wo diese sind und werden von Raketenangriffen bedroht &#8211; viele haben durch das Massaker die Hoffnung auf den Schutz j\u00fcdischen Lebens verloren. Auch das ist Unrecht, auch das ist Leid. All dieses Leid ist unmenschlich.<\/p>\n<p>Im jahrzehntelang von Gewalt, von Vertreibung und von Besatzung gepr\u00e4gten Konflikt, erleben viele unfassbaren Schmerz und Wut.<\/p>\n<p>Wir wollen einen Ort schaffen, wo wir trotz unserer unterschiedlichen Meinungen und Erfahrungen, gemeinsam das Ende der Eskalation fordern. Denn einig sind wir uns darin:<\/p>\n<p><strong>Ein Unrecht kann nicht das andere rechtfertigen. Keine Bomben, keine Raketen!<\/strong><\/p>\n<p>Auch hier in Deutschland bedeutet der Krieg die Verschlimmerung des Leids: Wir sind fassungslos \u00fcber die verst\u00e4rkten Bedrohungen und Angriffe gegen j\u00fcdische Einrichtungen und J\u00fcdinnen*Juden in Folge der Ereignisse &#8211; oft w\u00e4hrend sie in Trauer und Sorge um Freundinnen und Familie sind.<\/p>\n<p>Antisemitismus und die Bedrohung j\u00fcdischen Lebens ist in Deutschland schon vor dem 07. Oktober Realit\u00e4t gewesen. Die deutsche Regierung inszeniert nun einen Kampf gegen Antisemitismus, der vor allem mit dem Finger auf vermeintlich Andere zeigt &#8211; nur wenige Wochen nach dem Fall Aiwanger. <strong>Wir treten jedem Antisemitismus klar entgegen!<\/strong><\/p>\n<p>Wir sind entsetzt, dass pal\u00e4stinensische Stimmen und Symbole pauschal kriminalisiert und dehumanisiert werden. Ihre Wut, Trauer und Sorge um Freundinnen und Familie muss einen Ausdruck haben d\u00fcrfen.<\/p>\n<p>Ebenso wie die Kritik an der Kriegsf\u00fchrung des israelischen Milit\u00e4rs und an den gerade massiv zunehmenden Angriffen von Siedler*innen auf Pal\u00e4stinenser*innen in der Westbank.<\/p>\n<p>Die rassistische Stimmungsmache in der aktuellen Situation, die Angriffe auf muslimische Einrichtungen und die Instrumentalisierung f\u00fcr die Migrationspolitik zeigt erneut wie tief anti-muslimischer Rassismus in Deutschland verankert ist. <strong>Wir treten jedem Rassismus klar entgegen!<\/strong><\/p>\n<p>Schon vor dem 07. Oktober schien eine L\u00f6sung des jahrzehntelangen Konflikts in Israel\/Pal\u00e4stina kaum mehr realistisch. Doch die Eskalation der Gewalt seit dem 07. Oktober macht die Situation f\u00fcr alle Menschen in der Region noch hoffnungsloser.<\/p>\n<p>Wir stellen uns an die Seite derer, die den Kampf und die Hoffnung auf ein besseres Leben in Frieden, Gleichheit und Selbstbestimmung f\u00fcr alle in Israel\/ Pal\u00e4stina nicht aufgeben wollen. Das wird es nur ohne Besatzung und ohne Hamas geben k\u00f6nnen.<\/p>\n<p><strong>Geht mit uns am 13. November auf die Stra\u00dfe. Gegen den Krieg, f\u00fcr die Menschlichkeit. Waffenstillstand jetzt! Befreiung aller Geiseln!<\/strong><\/p>\n<p><strong>KUNDGEBUNG &#8211; 13.11.2023 -18 UHR HACKESCHER MARKT (S-BAHNHOF HACKESCHER MARKT)<\/strong><\/p>\n","protected":false},"excerpt":{"rendered":"<p>\ud83d\udca5Montag 13.11.2023\ud83d\udca5 wir berichten am Montag #b1311 ab 18:00 Uhr\u00a0von der Kundgebung \ud83d\udd25Ceasefire NOW!\ud83d\udd25 Montag, 13.11.2023 | 18:00 Uhr | Hackescher Markt 10178 Berlin Anreise: S3, S5, S7, S9, Tram M1, M4, M5, M6 \ud83d\udce3Aufruf: https:\/\/www.instagram.com\/p\/CzbrAkiML6b\/ Web-Ticker:\u00a0https:\/\/berlin.demoticker.org Mastodon:\u00a0@Demo_Ticker_Berlin@todon.eu Telegram Ticker:\u00a0https:\/\/t.me\/demotickerberlin Hashtags: #b1311 #CeasefireNOW In Gedenken an all die Menschen in Israel und Pal\u00e4stina, die seit &hellip; <\/p>\n<p class=\"link-more\"><a href=\"https:\/\/demotickerberlin.noblogs.org\/?p=3149\" class=\"more-link\"><span class=\"screen-reader-text\">\u201eCeasefire NOW! (13.11.2023)\u201c <\/span>weiterlesen<\/a><\/p>\n","protected":false},"author":13687,"featured_media":0,"comment_status":"closed","ping_status":"closed","sticky":false,"template":"","format":"aside","meta":{"footnotes":""},"categories":[13,14],"tags":[],"class_list":["post-3149","post","type-post","status-publish","format-aside","hentry","category-antimilitarismus","category-antirassismus","post_format-post-format-aside"],"_links":{"self":[{"href":"https:\/\/demotickerberlin.noblogs.org\/index.php?rest_route=\/wp\/v2\/posts\/3149","targetHints":{"allow":["GET"]}}],"collection":[{"href":"https:\/\/demotickerberlin.noblogs.org\/index.php?rest_route=\/wp\/v2\/posts"}],"about":[{"href":"https:\/\/demotickerberlin.noblogs.org\/index.php?rest_route=\/wp\/v2\/types\/post"}],"author":[{"embeddable":true,"href":"https:\/\/demotickerberlin.noblogs.org\/index.php?rest_route=\/wp\/v2\/users\/13687"}],"replies":[{"embeddable":true,"href":"https:\/\/demotickerberlin.noblogs.org\/index.php?rest_route=%2Fwp%2Fv2%2Fcomments&post=3149"}],"version-history":[{"count":17,"href":"https:\/\/demotickerberlin.noblogs.org\/index.php?rest_route=\/wp\/v2\/posts\/3149\/revisions"}],"predecessor-version":[{"id":3167,"href":"https:\/\/demotickerberlin.noblogs.org\/index.php?rest_route=\/wp\/v2\/posts\/3149\/revisions\/3167"}],"wp:attachment":[{"href":"https:\/\/demotickerberlin.noblogs.org\/index.php?rest_route=%2Fwp%2Fv2%2Fmedia&parent=3149"}],"wp:term":[{"taxonomy":"category","embeddable":true,"href":"https:\/\/demotickerberlin.noblogs.org\/index.php?rest_route=%2Fwp%2Fv2%2Fcategories&post=3149"},{"taxonomy":"post_tag","embeddable":true,"href":"https:\/\/demotickerberlin.noblogs.org\/index.php?rest_route=%2Fwp%2Fv2%2Ftags&post=3149"}],"curies":[{"name":"wp","href":"https:\/\/api.w.org\/{rel}","templated":true}]}}