{"id":3168,"date":"2023-11-12T19:08:41","date_gmt":"2023-11-12T18:08:41","guid":{"rendered":"https:\/\/demotickerberlin.noblogs.org\/?p=3168"},"modified":"2023-11-12T19:08:41","modified_gmt":"2023-11-12T18:08:41","slug":"bundesweite-demo-pkk-verbot-aufheben-18-11-2023","status":"publish","type":"post","link":"https:\/\/demotickerberlin.noblogs.org\/?p=3168","title":{"rendered":"Bundesweite Demo: PKK Verbot aufheben! (18.11.2023)"},"content":{"rendered":"<p><img loading=\"lazy\" decoding=\"async\" class=\"alignnone size-full wp-image-6287\" src=\"https:\/\/asanb.noblogs.org\/files\/2023\/10\/b1810_1_1.jpg\" alt=\"\" width=\"1080\" height=\"1080\" \/><\/p>\n<p><strong>\ud83d\udca5Samstag 18.11.2023\ud83d\udca5<\/strong><\/p>\n<p>wir berichten am Samstag #b1811 <strong>ab 11:00 Uhr <\/strong>von der Kundgebung<\/p>\n<p><strong>\ud83d\udd25PKK Verbot aufheben!\ud83d\udd25<\/strong><\/p>\n<p><strong>Samstag, 18.11.2023 | 11:00 Uhr | Oranienplatz 10999 Berlin<\/strong><\/p>\n<p><strong>Anreise: U8, Bus 248 Moritzplatz | M29 Oranienplatz | U1, U3, U8 Kottbusser Tor<\/strong><\/p>\n<p>\ud83d\udce3 Aufruf: <a href=\"https:\/\/www.verbot-aufheben.org\/am-18-november-auf-die-strasse-gegen-das-verbot-der-pkk\/\" target=\"_blank\" rel=\"noopener\">https:\/\/www.verbot-aufheben.org\/am-18-november-auf-die-strasse-gegen-das-verbot-der-pkk\/<\/a><\/p>\n<p>Web-Ticker:\u00a0<a href=\"https:\/\/berlin.demoticker.org\/\" target=\"_blank\" rel=\"noopener\">https:\/\/berlin.demoticker.org<\/a><br \/>\nMastodon:\u00a0@<a href=\"https:\/\/todon.eu\/@Demo_Ticker_Berlin\" target=\"_blank\" rel=\"noopener\">Demo_Ticker_Berlin@todon.eu<\/a><br \/>\nTelegram Ticker:\u00a0<a href=\"https:\/\/t.me\/demotickerberlin\" target=\"_blank\" rel=\"noopener\">https:\/\/t.me\/demotickerberlin<\/a><br \/>\nHashtags: #b1811 #PKKVerbotAufheben<\/p>\n<p>\ud83d\uddfa\ufe0f\u00a0<strong>Voraussichtliche Route:<\/strong><\/p>\n<ul>\n<li>Oranienplatz<\/li>\n<li>Oranienstra\u00dfe<\/li>\n<li>Axel-Springer-Stra\u00dfe<\/li>\n<li>Leipziger Stra\u00dfe<\/li>\n<li>Wilhelmstra\u00dfe<\/li>\n<li>Ebertstra\u00dfe<\/li>\n<li>Pariser Platz\/Brandenburger Tor<\/li>\n<\/ul>\n<p><strong>AM 18. NOVEMBER AUF DIE STRASSE GEGEN DAS VERBOT DER PK<\/strong><br \/>\n<strong>Wir sagen: PKK- Verbot aufheben \u2013 Demokratie st\u00e4rken!<\/strong><\/p>\n<p>Hausdurchsuchungen, Observierungen, Abschiebungen und Verurteilungen zu langj\u00e4hrigen Haftstrafen sind nur die Spitze des Eisbergs, wenn man in Deutschland Teil der kurdischen Community ist. Bei jeglichen politischen, kulturellen und sozialen Aktivit\u00e4ten werden Kurdinnen und Kurden stets unter den Generalverdacht des sogenannten \u201ePKK-Bezugs\u201c gestellt.<\/p>\n<p>Dieser Umstand, der auf das am 26. November 1993 erlassene Bet\u00e4tigungsverbot der PKK zur\u00fcckzuf\u00fchren ist, hat immense Auswirkungen auf die kurdische Gesellschaft insgesamt: neben strafrechtlichen Instrumenten, welche langj\u00e4hrige Haftstrafen nach sich ziehen k\u00f6nnen, werden dar\u00fcber hinaus auch aufenthalts- und einb\u00fcrgerungsrechtliche oder versammlungs- und vereinsrechtliche Instrumente eingesetzt, um politisch aktiven Kurd:innen ihr Selbstbestimmungsrecht zu nehmen.<\/p>\n<p>Auch Menschen, die sich solidarisch mit der kurdischen Bewegung zeigen, geraten zunehmend in das Visier der Strafverfolgungsbeh\u00f6rden. Diese systematische Repressionspolitik f\u00fchrt dazu, dass Kurd:innen nicht nur die Grundrechte der Meinungs- und Versammlungsfreiheit beschnitten werden, sondern auch insbesondere dazu, dass sie sich ignoriert, ausgegrenzt und diskriminiert f\u00fchlen.<\/p>\n<p>Der deutsche Staat setzt im Grunde die Politik fort, die der t\u00fcrkische Staat begonnen hat. Kurd:innen, die staatliche Repression durch den t\u00fcrkischen Staat erleiden mussten und Zuflucht in Deutschland gesucht haben, wurden und werden auch hier in Deutschland mit teils denselben Methoden konfrontiert, wie sie der t\u00fcrkische Staat anwendet. Das Trauma der Unterdr\u00fcckung und Ausgrenzung wird also fortgesetzt.<\/p>\n<p>Das PKK-Verbot stellt also ein enormes Demokratiedefizit der BRD dar, was schleunigst \u00fcberwunden werden muss. Es ist einerseits Ausdruck des antikurdischen Rassismus und verhindert gleichzeitig die gesellschaftliche Partizipation von Kurdinnen und Kurden in Deutschland.<\/p>\n<p>Daneben st\u00e4rkt das Verbot auch den t\u00fcrkischen Autokraten Recep T. Erdo\u1e21an, indem dieser seine v\u00f6lkerrechtswidrigen Angriffskriege gegen\u00fcber Kurd:innen legitimieren und intensivieren kann.<\/p>\n<p>Die Aufhebung des PKK-Verbots in Deutschland wird Erdo\u1e21an nicht nur den N\u00e4hrboden f\u00fcr seine Milit\u00e4raggressionen entziehen, es wird auch eine ernsthafte Chance bieten, den Weg f\u00fcr die Demokratisierungsbestrebungen der PKK im gesamten Nahen und Mittleren Osten und somit f\u00fcr den Frieden zu ebnen.<\/p>\n<p>Die kurdische Freiheitsbewegung hat nicht nur durch ihren Widerstand und Kampf gegen den sogenannten Islamischen Staat bewiesen, dass sie ernsthaft und nachhaltig eine progressive Entwicklung in der gesamten Region anstrebt. Vielmehr bietet sie auch eine basisdemokratische, \u00f6kologische und feministische Perspektive, was sie durch die Realisierung des Selbstverwaltungsmodells des Demokratischen Konf\u00f6deralismus unter Beweis gestellt hat.<\/p>\n<p>30 Jahre nach dem Erlass des Verbots ist mehr als jemals zuvor klar, dass das Verbot der PKK eines der gr\u00f6\u00dften Hindernisse f\u00fcr eine friedliche Beilegung der Konflikte in der Region darstellt. Um den Weg f\u00fcr Dialog und eine politische L\u00f6sung der kurdischen Frage zu \u00f6ffnen, ist die Aufhebung des Verbots unerl\u00e4sslich .<\/p>\n<p><strong>Wir rufen alle demokratischen und solidarischen Kr\u00e4fte auf, vor dem Hintergrund des 30-j\u00e4hrigen Bestehens des PKK-Verbotes aktiv zu werden und sich f\u00fcr dessen Aufhebung einzusetzen. <\/strong><\/p>\n<p>Im Rahmen des Aktionsmonats gegen diese Verbotspolitik rufen wir zu einer bundesweiten Demonstration am 18. November in Berlin auf.<\/p>\n<p>An diesem Tag werden wir gemeinsam mit allen auf die Stra\u00dfe gehen, die dem 30-j\u00e4hrigen Unrecht und der politischen Verfolgung kurdischer Politik in Deutschland ein Ende setzen m\u00f6chten.<\/p>\n<p>Kommt am 18. November um 11:00 Uhr zum Oranienplatz in Berlin und lasst uns gemeinsam ein starkes Zeichen f\u00fcr Demokratie, Frieden und Freiheit setzen!<\/p>\n","protected":false},"excerpt":{"rendered":"<p>\ud83d\udca5Samstag 18.11.2023\ud83d\udca5 wir berichten am Samstag #b1811 ab 11:00 Uhr von der Kundgebung \ud83d\udd25PKK Verbot aufheben!\ud83d\udd25 Samstag, 18.11.2023 | 11:00 Uhr | Oranienplatz 10999 Berlin Anreise: U8, Bus 248 Moritzplatz | M29 Oranienplatz | U1, U3, U8 Kottbusser Tor \ud83d\udce3 Aufruf: https:\/\/www.verbot-aufheben.org\/am-18-november-auf-die-strasse-gegen-das-verbot-der-pkk\/ Web-Ticker:\u00a0https:\/\/berlin.demoticker.org Mastodon:\u00a0@Demo_Ticker_Berlin@todon.eu Telegram Ticker:\u00a0https:\/\/t.me\/demotickerberlin Hashtags: #b1811 #PKKVerbotAufheben \ud83d\uddfa\ufe0f\u00a0Voraussichtliche Route: Oranienplatz Oranienstra\u00dfe Axel-Springer-Stra\u00dfe Leipziger &hellip; <\/p>\n<p class=\"link-more\"><a href=\"https:\/\/demotickerberlin.noblogs.org\/?p=3168\" class=\"more-link\"><span class=\"screen-reader-text\">\u201eBundesweite Demo: PKK Verbot aufheben! (18.11.2023)\u201c <\/span>weiterlesen<\/a><\/p>\n","protected":false},"author":13687,"featured_media":0,"comment_status":"closed","ping_status":"closed","sticky":false,"template":"","format":"aside","meta":{"footnotes":""},"categories":[14],"tags":[],"class_list":["post-3168","post","type-post","status-publish","format-aside","hentry","category-antirassismus","post_format-post-format-aside"],"_links":{"self":[{"href":"https:\/\/demotickerberlin.noblogs.org\/index.php?rest_route=\/wp\/v2\/posts\/3168","targetHints":{"allow":["GET"]}}],"collection":[{"href":"https:\/\/demotickerberlin.noblogs.org\/index.php?rest_route=\/wp\/v2\/posts"}],"about":[{"href":"https:\/\/demotickerberlin.noblogs.org\/index.php?rest_route=\/wp\/v2\/types\/post"}],"author":[{"embeddable":true,"href":"https:\/\/demotickerberlin.noblogs.org\/index.php?rest_route=\/wp\/v2\/users\/13687"}],"replies":[{"embeddable":true,"href":"https:\/\/demotickerberlin.noblogs.org\/index.php?rest_route=%2Fwp%2Fv2%2Fcomments&post=3168"}],"version-history":[{"count":1,"href":"https:\/\/demotickerberlin.noblogs.org\/index.php?rest_route=\/wp\/v2\/posts\/3168\/revisions"}],"predecessor-version":[{"id":3169,"href":"https:\/\/demotickerberlin.noblogs.org\/index.php?rest_route=\/wp\/v2\/posts\/3168\/revisions\/3169"}],"wp:attachment":[{"href":"https:\/\/demotickerberlin.noblogs.org\/index.php?rest_route=%2Fwp%2Fv2%2Fmedia&parent=3168"}],"wp:term":[{"taxonomy":"category","embeddable":true,"href":"https:\/\/demotickerberlin.noblogs.org\/index.php?rest_route=%2Fwp%2Fv2%2Fcategories&post=3168"},{"taxonomy":"post_tag","embeddable":true,"href":"https:\/\/demotickerberlin.noblogs.org\/index.php?rest_route=%2Fwp%2Fv2%2Ftags&post=3168"}],"curies":[{"name":"wp","href":"https:\/\/api.w.org\/{rel}","templated":true}]}}