{"id":3170,"date":"2023-11-22T18:29:04","date_gmt":"2023-11-22T17:29:04","guid":{"rendered":"https:\/\/demotickerberlin.noblogs.org\/?p=3170"},"modified":"2023-11-22T18:55:45","modified_gmt":"2023-11-22T17:55:45","slug":"solidaritaet-mit-palaestina-25-11-2023","status":"publish","type":"post","link":"https:\/\/demotickerberlin.noblogs.org\/?p=3170","title":{"rendered":"Solidarit\u00e4t mit Pal\u00e4stina! (25.11.2023)"},"content":{"rendered":"<p><img loading=\"lazy\" decoding=\"async\" class=\"alignnone wp-image-3185 size-full\" src=\"https:\/\/demotickerberlin.noblogs.org\/files\/2023\/11\/b2511_6_1.jpg\" alt=\"\" width=\"1080\" height=\"1350\" srcset=\"https:\/\/demotickerberlin.noblogs.org\/files\/2023\/11\/b2511_6_1.jpg 1080w, https:\/\/demotickerberlin.noblogs.org\/files\/2023\/11\/b2511_6_1-240x300.jpg 240w, https:\/\/demotickerberlin.noblogs.org\/files\/2023\/11\/b2511_6_1-819x1024.jpg 819w, https:\/\/demotickerberlin.noblogs.org\/files\/2023\/11\/b2511_6_1-768x960.jpg 768w\" sizes=\"auto, (max-width: 767px) 89vw, (max-width: 1000px) 54vw, (max-width: 1071px) 543px, 580px\" \/><\/p>\n<p><strong>\ud83d\udca5Samstag 25.11.2023\ud83d\udca5<\/strong><\/p>\n<p>wir berichten am Samstag #b2511 <strong>ab 15:00 Uhr<\/strong> von der Kundgebung<\/p>\n<p>\ud83d\udd25<strong>Solidarit\u00e4t mit Pal\u00e4stina!<\/strong>\ud83d\udd25<\/p>\n<p><strong>Samstag, 25.11.2023 | 15:00 Uhr | Askanischerer Platz 10963 Berlin<\/strong><\/p>\n<p><strong>Anreise: S1, S2, S25, S26, M29, M41 Anhalter Bahnhof | U1, U3, U7 M\u00f6ckernbr\u00fccke<\/strong><\/p>\n<p>\ud83d\udce3 Aufruf: <a href=\"https:\/\/www.instagram.com\/p\/Cz00M7CMA8w\/\" target=\"_blank\" rel=\"noopener\">https:\/\/www.instagram.com\/p\/Cz00M7CMA8w\/<\/a><\/p>\n<p>Web-Ticker:\u00a0<a href=\"https:\/\/berlin.demoticker.org\/\" target=\"_blank\" rel=\"noopener\">https:\/\/berlin.demoticker.org<\/a><br \/>\nMastodon:\u00a0@<a href=\"https:\/\/todon.eu\/@Demo_Ticker_Berlin\" target=\"_blank\" rel=\"noopener\">Demo_Ticker_Berlin@todon.eu<\/a><br \/>\nTelegram Ticker:\u00a0<a href=\"https:\/\/t.me\/demotickerberlin\" target=\"_blank\" rel=\"noopener\">https:\/\/t.me\/demotickerberlin<\/a><br \/>\nHashtags: #b2511 #FreePalestine<\/p>\n<p><strong>\ud83d\uddfa\ufe0f Voraussichtliche Route:<\/strong><\/p>\n<ul>\n<li>Anhalter Bahnhof (Askanischer Platz)<\/li>\n<li>Stresemannstra\u00dfe<\/li>\n<li>Potsdamer Platz<\/li>\n<li>Leipziger Stra\u00dfe<\/li>\n<li>Spandauer Stra\u00dfe<\/li>\n<li>Rotes Rathaus<\/li>\n<\/ul>\n<p>Unsere Forderung nach Gerechtigkeit und Freiheit f\u00fcr Pal\u00e4stina ist eine Stimme der Hoffnung und des Wandels.<\/p>\n<p><strong>Schlie\u00dft euch unserem friedlichen Protest an!<\/strong><\/p>\n<p><em>Initiator*innen: Palestinians and Allies, J\u00fcdische Stimme f\u00fcr einen gerechten Frieden in Nahost<\/em><\/p>\n<p>Bereits \u00fcber 11.000 unschuldige Menschen in Gaza verloren seit dem 7. Oktober ihr Leben. Wir \u2013 Pal\u00e4stinenser*innen und Allies \u2013 stehen solidarisch an der Seite Pal\u00e4stinas und setzen uns f\u00fcr eine Welt ein, die von Freiheit, Gerechtigkeit und Solidarit\u00e4t gepr\u00e4gt ist.<\/p>\n<p><strong>Unsere Agenda ist klar:<\/strong><\/p>\n<p>Wir fordern die Freiheit f\u00fcr Pal\u00e4stina und treten entschieden gegen die israelischen Kriegsverbrechen und V\u00f6lkerrechtsverletzungen ein.<\/p>\n<p>Wir verurteilen entschieden die Verwendung von &#8222;importiertem Antisemitismus&#8220; als feige und gef\u00e4hrliche Ablenkungstaktik politischer Entscheidungstr\u00e4ger*innen, um sich aus ihrer eigenen Verantwortung zu ziehen und unsere berechtigten Proteste zu delegitimieren. Anstatt den Dialog zu f\u00f6rdern, spalten viele Politiker*innen weiterhin. Sie sch\u00fcren \u00c4ngste, statt Br\u00fccken zu bauen.<\/p>\n<p>Unsere Forderung nach Gerechtigkeit und Freiheit f\u00fcr Pal\u00e4stina ist eine Stimme der Hoffnung und des Wandels. Schlie\u00dft euch unserem friedlichen Protest an.<\/p>\n<p><strong>Wir fordern:<\/strong><\/p>\n<p>1. Das sofortige Ende des Bombardements auf Gaza und die Ermordung ziviler Pal\u00e4stinenser*innen<\/p>\n<p>2. Die bedingungslose \u00d6ffnung des Grenz\u00fcbergangs in Rafah f\u00fcr alle Arten humanit\u00e4rer Hilfe<\/p>\n<p>3.\u00a0Das sofortige Ende der ethnischen S\u00e4uberung in Gaza und in der Westbank<\/p>\n<p>4. Den sofortigen Stop der Terrorma\u00dfnahmen bewaffneter Siedler in der Westbank<\/p>\n<p>5.\u00a0Die Ausarbeitung eines gerechten Plans f\u00fcr einen nachhaltigen Frieden<\/p>\n<p>6.\u00a0Die Rechenschaftspflicht der israelischen Regierung f\u00fcr ihre Kriegsverbrechen<\/p>\n<p><strong>\u26a0\ufe0f Wir untersagen ausdr\u00fccklich jede Form von Hass oder Diskriminierung w\u00e4hrend der Veranstaltung.<\/strong><\/p>\n","protected":false},"excerpt":{"rendered":"<p>\ud83d\udca5Samstag 25.11.2023\ud83d\udca5 wir berichten am Samstag #b2511 ab 15:00 Uhr von der Kundgebung \ud83d\udd25Solidarit\u00e4t mit Pal\u00e4stina!\ud83d\udd25 Samstag, 25.11.2023 | 15:00 Uhr | Askanischerer Platz 10963 Berlin Anreise: S1, S2, S25, S26, M29, M41 Anhalter Bahnhof | U1, U3, U7 M\u00f6ckernbr\u00fccke \ud83d\udce3 Aufruf: https:\/\/www.instagram.com\/p\/Cz00M7CMA8w\/ Web-Ticker:\u00a0https:\/\/berlin.demoticker.org Mastodon:\u00a0@Demo_Ticker_Berlin@todon.eu Telegram Ticker:\u00a0https:\/\/t.me\/demotickerberlin Hashtags: #b2511 #FreePalestine \ud83d\uddfa\ufe0f Voraussichtliche Route: Anhalter Bahnhof &hellip; <\/p>\n<p class=\"link-more\"><a href=\"https:\/\/demotickerberlin.noblogs.org\/?p=3170\" class=\"more-link\"><span class=\"screen-reader-text\">\u201eSolidarit\u00e4t mit Pal\u00e4stina! (25.11.2023)\u201c <\/span>weiterlesen<\/a><\/p>\n","protected":false},"author":13687,"featured_media":0,"comment_status":"closed","ping_status":"closed","sticky":false,"template":"","format":"aside","meta":{"footnotes":""},"categories":[14],"tags":[20,143],"class_list":["post-3170","post","type-post","status-publish","format-aside","hentry","category-antirassismus","tag-b2511","tag-freepalestine","post_format-post-format-aside"],"_links":{"self":[{"href":"https:\/\/demotickerberlin.noblogs.org\/index.php?rest_route=\/wp\/v2\/posts\/3170","targetHints":{"allow":["GET"]}}],"collection":[{"href":"https:\/\/demotickerberlin.noblogs.org\/index.php?rest_route=\/wp\/v2\/posts"}],"about":[{"href":"https:\/\/demotickerberlin.noblogs.org\/index.php?rest_route=\/wp\/v2\/types\/post"}],"author":[{"embeddable":true,"href":"https:\/\/demotickerberlin.noblogs.org\/index.php?rest_route=\/wp\/v2\/users\/13687"}],"replies":[{"embeddable":true,"href":"https:\/\/demotickerberlin.noblogs.org\/index.php?rest_route=%2Fwp%2Fv2%2Fcomments&post=3170"}],"version-history":[{"count":11,"href":"https:\/\/demotickerberlin.noblogs.org\/index.php?rest_route=\/wp\/v2\/posts\/3170\/revisions"}],"predecessor-version":[{"id":3187,"href":"https:\/\/demotickerberlin.noblogs.org\/index.php?rest_route=\/wp\/v2\/posts\/3170\/revisions\/3187"}],"wp:attachment":[{"href":"https:\/\/demotickerberlin.noblogs.org\/index.php?rest_route=%2Fwp%2Fv2%2Fmedia&parent=3170"}],"wp:term":[{"taxonomy":"category","embeddable":true,"href":"https:\/\/demotickerberlin.noblogs.org\/index.php?rest_route=%2Fwp%2Fv2%2Fcategories&post=3170"},{"taxonomy":"post_tag","embeddable":true,"href":"https:\/\/demotickerberlin.noblogs.org\/index.php?rest_route=%2Fwp%2Fv2%2Ftags&post=3170"}],"curies":[{"name":"wp","href":"https:\/\/api.w.org\/{rel}","templated":true}]}}