{"id":3174,"date":"2023-11-22T18:31:17","date_gmt":"2023-11-22T17:31:17","guid":{"rendered":"https:\/\/demotickerberlin.noblogs.org\/?p=3174"},"modified":"2023-11-22T22:06:33","modified_gmt":"2023-11-22T21:06:33","slug":"3174","status":"publish","type":"post","link":"https:\/\/demotickerberlin.noblogs.org\/?p=3174","title":{"rendered":"Enraged, we fight back! (25.11.2023)"},"content":{"rendered":"<p><img loading=\"lazy\" decoding=\"async\" class=\"alignnone size-full wp-image-6482\" src=\"https:\/\/asanb.noblogs.org\/files\/2023\/11\/b2511_4_1.jpg\" alt=\"\" width=\"1080\" height=\"1350\" \/><\/p>\n<header class=\"entry-header\">\n<div><strong>\ud83d\udca5Samstag 25.11.2023\ud83d\udca5<\/strong><\/div>\n<\/header>\n<div><\/div>\n<div><span style=\"font-size: 1rem\">wir berichten am Samstag #b2511 <\/span><strong style=\"font-size: 1rem\">ab 15:00 Uhr\u00a0<\/strong><span style=\"font-size: 1rem\">von der Kundgebung<\/span><\/div>\n<header class=\"entry-header\">\n<div><\/div>\n<\/header>\n<div class=\"entry-content\">\n<p><strong>\ud83d\udd25Enraged, we fight back!\ud83d\udd25<\/strong><\/p>\n<p><strong>Samstag, 25.11.2023 | 15:00 Uhr | Oranienplatz, 10999 Berlin<\/strong><\/p>\n<p><strong>Anreise: U8, Bus 248 Moritzplatz | M29 Oranienplatz | U1, U3, U8 Kottbusser Tor<\/strong><\/p>\n<p>Web-Ticker:\u00a0<a href=\"https:\/\/berlin.demoticker.org\/\" target=\"_blank\" rel=\"noopener\">https:\/\/berlin.demoticker.org<\/a><br \/>\nMastodon:\u00a0@<a href=\"https:\/\/todon.eu\/@Demo_Ticker_Berlin\" target=\"_blank\" rel=\"noopener\">Demo_Ticker_Berlin@todon.eu<\/a><br \/>\nTelegram Ticker:\u00a0<a href=\"https:\/\/t.me\/demotickerberlin\" target=\"_blank\" rel=\"noopener\">https:\/\/t.me\/demotickerberlin<\/a><br \/>\nHashtags:\u00a0 #b2511 #WeFightBack<\/p>\n<\/div>\n<p>\ud83d\udce3\u00a0Call: German, \u0431\u044a\u043b\u0433\u0430\u0440\u0441\u043a\u0438, \u0570\u0561\u0575\u0565\u0580\u0565\u0576, \u65e5\u672c\u8a9e, \ud55c\uad6d\uc5b4, portugu\u00eas, fran\u00e7ais, italiana, \u0633\u06c6\u0631\u0627\u0646\u06cc &#8211; <a href=\"https:\/\/www.instagram.com\/p\/Cz4KCdwN7QX\/\" target=\"_blank\" rel=\"noopener\">https:\/\/www.instagram.com\/p\/Cz4KCdwN7QX\/<\/a><\/p>\n<p>\ud83d\udce3\u00a0Call: English, \u0627\u0644\u0639\u0631\u0628\u064a\u0629, Kurmanc\u00ee, \u0641\u0627\u0631\u0633\u06cc, \u4e2d\u570b\u8a9e, espa\u00f1ol, T\u00fcrk\u00e7e &#8211; <a href=\"https:\/\/www.instagram.com\/p\/Cz3fqiesd5o\/\" target=\"_blank\" rel=\"noopener\">https:\/\/www.instagram.com\/p\/Cz3fqiesd5o\/<\/a><\/p>\n<p><strong>\ud83d\uddfa\ufe0f Voraussichtliche Route:<\/strong><\/p>\n<p>\u2022 Oranienplatz<br \/>\n\u2022 Oranienstra\u00dfe<br \/>\n\u2022 Adalbertstra\u00dfe<br \/>\n\u2022 Kottbusser Tor<br \/>\n\u2022 Kottbusser Stra\u00dfe<br \/>\n\u2022 Kottbusser Br\u00fccke<br \/>\n\u2022 Kottbusser Damm<br \/>\n\u2022 Hermannplatz<\/p>\n<p><strong>Aufruf zur revolution\u00e4ren 25. November-Demonstration dem internationalen Tag zur Abschaffung geschlechtsspezifischer Gewalt!<\/strong><\/p>\n<p>Der 25. November ist nicht nur der internationale Tag zur Abschaffung geschlechtsspezifischer Gewalt, sondern auch eine Erinnerung an den Widerstand unserer Schwestern gegen Kolonialismus, Imperialismus und Diktatur, die faulen Fr\u00fcchte des Patriarchats.<\/p>\n<p>Nennen wir ihre Namen: Mirabal Sisters, Assata Shakur, Leila Khaled, Sakine Cansiz, Meena Keshwar Kamal, Josina Mutemba, Melchora Aquino, Berta Caceres, Bartolina Sisa und viele mehr.<\/p>\n<p>Koloniale und neoliberale M\u00e4chte konstruieren ein einziges Modell des Feminismus: den Feminismus der Unterdr\u00fccker, der auf einen sogenannten \u201eMenschenrechtsrahmen&#8220; beschr\u00e4nkt ist, der von der wei\u00dfen Vorherrschaft geschaffen wurde, um ihren Interessen zu dienen.<\/p>\n<p>Der wei\u00dfe Feminismus ist ein Komplize im System der Unterdr\u00fcckung.<\/p>\n<p>Ihr \u201edemokratisches&#8220; Rettertum rechtfertigt Kriege und Kriegsindustrie, Besatzung, Internierungslager, m\u00f6rderische Grenzen und Mauern. Mit ihrem \u201edemokratischen&#8220; Rettertum rechtfertigen die Unterdr\u00fccker Kriege und Kriegsindustrie, Besatzung, Internierungslager, m\u00f6rderische Grenzen und Mauern.<\/p>\n<p>Wir schlie\u00dfen uns dem Aufruf unserer queeren und feministischen Geschwister in Pal\u00e4stina an, dem pal\u00e4stinensischen Widerstand gegen Vertreibung, Landraub und ethnische S\u00e4uberung sowie ihrem Kampf f\u00fcr die Befreiung ihres Landes und ihrer Zukunft vom zionistischen Siedlerkolonialismus zur Seite zu stehen.<\/p>\n<p>Der pal\u00e4stinensische Widerstand verteidigt Leben, Erinnerung und Zukunft. Free Palestine ist ein Versprechen. Ein Versprechen f\u00fcr uns alle. Ein Versprechen f\u00fcr Gerechtigkeit, Befreiung und Selbstbestimmung f\u00fcr alle Unterdr\u00fcckten auf der ganzen Welt. Es erinnert uns daran, dass selbst in den dunkelsten Zeiten die Flamme des Widerstands niemals gel\u00f6scht werden kann.<\/p>\n<p>Was wir in Pal\u00e4stina derzeit sehen, ist der Beweis dieser unbestreitbaren Wahrheit. Europas Kolonialprojekt, der US-Imperialismus, die eurozentrische wei\u00dfe Vorherrschaft und Diktatur haben 75 Jahre israelischer Apartheid, Besatzung und Siedlerkolonialismus erm\u00f6glicht und best\u00e4rkt.<\/p>\n<p>All dies spiegelt sich im Sudan, in Tigray, in Kurdistan, im Kongo (DRC), in Peru, in Afghanistan und in Artsakh wider.<\/p>\n<p>Wir, die Alliance of Internationalist Feminists, wissen, dass Selbstorganisierung und Selbstverteidigung unsere St\u00e4rke im Kampf gegen Imperialismus, Faschismus, Kapitalismus, Patriarchat und wei\u00dfe Vorherrschaft sind.<\/p>\n<p>Nur ein internationalistischer Widerstand wird den kolonialen Grenzen und imperialistischen Pl\u00e4nen ein Ende setzen.<\/p>\n<p>Zeigen wir unsere Entschlossenheit, Autonomie und unseren Widerstand \u00fcber die Grenzen hinaus. Wir sind zahllos und wir br\u00fcllen!<\/p>\n<p>Wir leisten \u00fcberall Widerstand, in jedem besetzten Land, in den Bergen, inmitten von St\u00e4dten und D\u00f6rfern, in Gef\u00e4ngnissen, auf den Stra\u00dfen, auf dem Meer, an der Grenze, in Fl\u00fcchtlingslagern, in Fabriken, an Arbeitspl\u00e4tzen, in den Schulen und zu Hause.<\/p>\n<p><strong>Kommt mit uns auf die Stra\u00dfe. W\u00fctend wehren wir uns!<\/strong><\/p>\n<hr \/>\n<p><strong>\ud83d\udca5Saturday 25 November 2023\ud83d\udca5<\/strong><\/p>\n<p>we report on Saturday #b2511 <strong>from 03:00 pm<\/strong> from the rally<\/p>\n<p><strong>\ud83d\udd25Enraged, we fight back!\ud83d\udd25<\/strong><\/p>\n<p><strong>Saturday, 25.11.2023 | 03:00 pm | Oranienplatz, 10999 Berlin<\/strong><\/p>\n<p><strong>Arrival: U8, Bus 248 Moritzplatz | M29 Oranienplatz | U1, U3, U8 Kottbusser Tor<\/strong><\/p>\n<p>Web-Ticker:\u00a0<a href=\"https:\/\/berlin.demoticker.org\/\" target=\"_blank\" rel=\"noopener\">https:\/\/berlin.demoticker.org<\/a><br \/>\nMastodon:\u00a0@<a href=\"https:\/\/todon.eu\/@Demo_Ticker_Berlin\" target=\"_blank\" rel=\"noopener\">Demo_Ticker_Berlin@todon.eu<\/a><br \/>\nTelegram Ticker:\u00a0<a href=\"https:\/\/t.me\/demotickerberlin\" target=\"_blank\" rel=\"noopener\">https:\/\/t.me\/demotickerberlin<\/a><br \/>\nHashtags:\u00a0 #b2511 #WeFightBack<\/p>\n<p>\ud83d\udce3\u00a0Call: German, \u0431\u044a\u043b\u0433\u0430\u0440\u0441\u043a\u0438, \u0570\u0561\u0575\u0565\u0580\u0565\u0576, \u65e5\u672c\u8a9e, \ud55c\uad6d\uc5b4, portugu\u00eas, fran\u00e7ais, italiana, \u0633\u06c6\u0631\u0627\u0646\u06cc &#8211; <a href=\"https:\/\/www.instagram.com\/p\/Cz4KCdwN7QX\/\" target=\"_blank\" rel=\"noopener\">https:\/\/www.instagram.com\/p\/Cz4KCdwN7QX\/<\/a><\/p>\n<p>\ud83d\udce3\u00a0Call: English, \u0627\u0644\u0639\u0631\u0628\u064a\u0629, Kurmanc\u00ee, \u0641\u0627\u0631\u0633\u06cc, \u4e2d\u570b\u8a9e, espa\u00f1ol, T\u00fcrk\u00e7e &#8211; <a href=\"https:\/\/www.instagram.com\/p\/Cz3fqiesd5o\/\" target=\"_blank\" rel=\"noopener\">https:\/\/www.instagram.com\/p\/Cz3fqiesd5o\/<\/a><\/p>\n<p><strong>\ud83d\uddfa\ufe0f Expected route:<\/strong><\/p>\n<p>\u2022 Oranienplatz<br \/>\n\u2022 Oranienstra\u00dfe<br \/>\n\u2022 Adalbertstra\u00dfe<br \/>\n\u2022 Kottbusser Tor<br \/>\n\u2022 Kottbusser Stra\u00dfe<br \/>\n\u2022 Kottbusser Br\u00fccke<br \/>\n\u2022 Kottbusser Damm<br \/>\n\u2022 Hermannplatz<\/p>\n<p><strong>Call for The Revolutionary 25th of November Demonstration The International Day for the Elimination of Gender Violence<\/strong><\/p>\n<p>The 25th of November is not just the international day for the elimination of gender violence, but also a reminder of the resistance of our Sisters against colonialism, imperialism and dictatorship, the rotten fruits of patriarchy.<\/p>\n<p>Let us call their names: Mirabal Sisters, Assata Shakur, Leila Khaled, Sakine Cansiz, Meena Keshwar Kamal, Josina Mutemba, Melchora Aquino, Berta Caceres, Bartolina Sisa and many more.<\/p>\n<p>Colonial and neoliberal power constructs a single model of feminism: the feminism of the oppressors that is limited to a so-called &#8222;human rights&#8220;&#8218; framework created by white supremacy to serve their interests.<\/p>\n<p>White feminism is an accomplice in the system of oppression.<\/p>\n<p>Their &#8222;democratic&#8220; saviorism justifies the wars and war industry, occupation, detention centers, murderous borders and walls.<\/p>\n<p>We are joining our queer and feminist siblings in Palestine in their call to stand with the Palestinian resistance against displacement, land theft, and ethnic cleansing and their struggle for the liberation of their lands and futures from Zionist settler-colonialism.<\/p>\n<p>The Palestinian resistance defends life, memory and future. Free Palestine is a Promise. A Promise for all of us. A Promise for justice, liberation and self-determination for all those oppressed around the world. It reminds us that even in the darkest of times, the flame of resistance can never be extinguished.<\/p>\n<p>What we are witnessing in Palestine is the evidence of this undeniable truth.<\/p>\n<p>Europe&#8217;s colonial project, US imperialism, eurocentric white supremacy and dictatorship has enabled and emboldened 75 years of Israeli apartheid, occupation and settler colonialism.<\/p>\n<p>All this is mirrored in Sudan, in Tigray, in Kurdistan, in Congo (DRC), in Peru, in Afghanistan and in Artsakh.<\/p>\n<p>We, Alliance of Internationalist Feminists, know that self-organization and self-defense are our strength in fighting against imperialism, fascism, capitalism, patriarchy, and white supremacy.<\/p>\n<p>Only an internationalist resistance, will put an END to colonial borders and imperialist agendas. Let us show our determination, autonomy and resistance beyond borders.<\/p>\n<p>We are countless and we are roaring!<\/p>\n<p>We are resisting everywhere, in every occupied land, in the mountains, in the middle of the cities and villages, inside prisons, in the streets, on the sea, at the border, in refugee camps, in factories, in working places, in the schools and at home.<\/p>\n<p><strong> Join us on the street. Enraged, we fight back!<\/strong><\/p>\n","protected":false},"excerpt":{"rendered":"<p>\ud83d\udca5Samstag 25.11.2023\ud83d\udca5 wir berichten am Samstag #b2511 ab 15:00 Uhr\u00a0von der Kundgebung \ud83d\udd25Enraged, we fight back!\ud83d\udd25 Samstag, 25.11.2023 | 15:00 Uhr | Oranienplatz, 10999 Berlin Anreise: U8, Bus 248 Moritzplatz | M29 Oranienplatz | U1, U3, U8 Kottbusser Tor Web-Ticker:\u00a0https:\/\/berlin.demoticker.org Mastodon:\u00a0@Demo_Ticker_Berlin@todon.eu Telegram Ticker:\u00a0https:\/\/t.me\/demotickerberlin Hashtags:\u00a0 #b2511 #WeFightBack \ud83d\udce3\u00a0Call: German, \u0431\u044a\u043b\u0433\u0430\u0440\u0441\u043a\u0438, \u0570\u0561\u0575\u0565\u0580\u0565\u0576, \u65e5\u672c\u8a9e, \ud55c\uad6d\uc5b4, portugu\u00eas, fran\u00e7ais, italiana, &hellip; <\/p>\n<p class=\"link-more\"><a href=\"https:\/\/demotickerberlin.noblogs.org\/?p=3174\" class=\"more-link\"><span class=\"screen-reader-text\">\u201eEnraged, we fight back! (25.11.2023)\u201c <\/span>weiterlesen<\/a><\/p>\n","protected":false},"author":13687,"featured_media":0,"comment_status":"closed","ping_status":"closed","sticky":false,"template":"","format":"aside","meta":{"footnotes":""},"categories":[1],"tags":[20,134],"class_list":["post-3174","post","type-post","status-publish","format-aside","hentry","category-general","tag-b2511","tag-wefightback","post_format-post-format-aside"],"_links":{"self":[{"href":"https:\/\/demotickerberlin.noblogs.org\/index.php?rest_route=\/wp\/v2\/posts\/3174","targetHints":{"allow":["GET"]}}],"collection":[{"href":"https:\/\/demotickerberlin.noblogs.org\/index.php?rest_route=\/wp\/v2\/posts"}],"about":[{"href":"https:\/\/demotickerberlin.noblogs.org\/index.php?rest_route=\/wp\/v2\/types\/post"}],"author":[{"embeddable":true,"href":"https:\/\/demotickerberlin.noblogs.org\/index.php?rest_route=\/wp\/v2\/users\/13687"}],"replies":[{"embeddable":true,"href":"https:\/\/demotickerberlin.noblogs.org\/index.php?rest_route=%2Fwp%2Fv2%2Fcomments&post=3174"}],"version-history":[{"count":9,"href":"https:\/\/demotickerberlin.noblogs.org\/index.php?rest_route=\/wp\/v2\/posts\/3174\/revisions"}],"predecessor-version":[{"id":3203,"href":"https:\/\/demotickerberlin.noblogs.org\/index.php?rest_route=\/wp\/v2\/posts\/3174\/revisions\/3203"}],"wp:attachment":[{"href":"https:\/\/demotickerberlin.noblogs.org\/index.php?rest_route=%2Fwp%2Fv2%2Fmedia&parent=3174"}],"wp:term":[{"taxonomy":"category","embeddable":true,"href":"https:\/\/demotickerberlin.noblogs.org\/index.php?rest_route=%2Fwp%2Fv2%2Fcategories&post=3174"},{"taxonomy":"post_tag","embeddable":true,"href":"https:\/\/demotickerberlin.noblogs.org\/index.php?rest_route=%2Fwp%2Fv2%2Ftags&post=3174"}],"curies":[{"name":"wp","href":"https:\/\/api.w.org\/{rel}","templated":true}]}}