{"id":3188,"date":"2023-11-22T19:01:49","date_gmt":"2023-11-22T18:01:49","guid":{"rendered":"https:\/\/demotickerberlin.noblogs.org\/?p=3188"},"modified":"2023-11-22T19:12:20","modified_gmt":"2023-11-22T18:12:20","slug":"gegen-den-auftritt-von-tom-schwarz-frauenschlaeger-aus-der-city-jagen-25-11-2023","status":"publish","type":"post","link":"https:\/\/demotickerberlin.noblogs.org\/?p=3188","title":{"rendered":"Gegen den Auftritt von Tom Schwarz! Frauenschl\u00e4ger aus der City jagen! (25.11.2023)"},"content":{"rendered":"<p><img loading=\"lazy\" decoding=\"async\" class=\"alignnone size-full wp-image-6473\" src=\"https:\/\/asanb.noblogs.org\/files\/2023\/11\/b2511_3_1.jpg\" alt=\"\" width=\"1795\" height=\"2528\" \/><\/p>\n<p><strong>\ud83d\udca5Samstag 25.11.2023\ud83d\udca5<\/strong><\/p>\n<p><span style=\"font-size: 1rem\">wir berichten am Samstag #b2511 <\/span><strong style=\"font-size: 1rem\">ab 16:30 Uhr <\/strong><span style=\"font-size: 1rem\">von der Kundgebung<\/span><\/p>\n<div class=\"entry-content\">\n<p><strong>\ud83d\udd25Gegen den Auftritt von Tom Schwarz! Frauenschl\u00e4ger aus der City jagen!\ud83d\udd25<\/strong><\/p>\n<p><strong>Samstag, 25.11.2023 | 16:30 Uhr | Boxhagener Platz 10245 Berlin<\/strong><\/p>\n<p><strong>Anreise: U5 Samariter Stra\u00dfe, Bus 240, Tram 21 Wismarplatz, M13 Simplonstra\u00dfe oder W\u00fchlischstra\u00dfe<\/strong><\/p>\n<p>\ud83d\udce3 Aufruf: <a href=\"https:\/\/antifa-nordost.org\/13917\/demo-am-25-11-gegen-tom-schwarz-frauenschlaeger-aus-der-city-jagen\/\" target=\"_blank\" rel=\"noopener\">https:\/\/antifa-nordost.org\/13917\/demo-am-25-11-gegen-tom-schwarz-frauenschlaeger-aus-der-city-jagen\/<\/a><\/p>\n<p>Web-Ticker:\u00a0<a href=\"https:\/\/berlin.demoticker.org\/\" target=\"_blank\" rel=\"noopener\">https:\/\/berlin.demoticker.org<\/a><br \/>\nMastodon:\u00a0@<a href=\"https:\/\/todon.eu\/@Demo_Ticker_Berlin\" target=\"_blank\" rel=\"noopener\">Demo_Ticker_Berlin@todon.eu<\/a><br \/>\nTelegram Ticker:\u00a0<a href=\"https:\/\/t.me\/demotickerberlin\" target=\"_blank\" rel=\"noopener\">https:\/\/t.me\/demotickerberlin<\/a><br \/>\nHashtags: #b2511 #keineshowfuertaeter<\/p>\n<\/div>\n<p>\ud83d\uddfa\ufe0f\u00a0<strong>Voraussichtliche Route:<\/strong><\/p>\n<ul>\n<li>Krossener Stra\u00dfe 24<\/li>\n<li>Simon-Dach-Stra\u00dfe<\/li>\n<li>Revaler Stra\u00dfe<\/li>\n<li>Warschauer Stra\u00dfe<\/li>\n<li>M\u00fchlenstra\u00dfe<\/li>\n<li>Mildred-Harnack-Stra\u00dfe (H\u00f6he Valeska-Gert-Stra\u00dfe)<\/li>\n<\/ul>\n<p><strong>Gro\u00dfe Show mit bekanntem Frauenschl\u00e4ger in Berlin<\/strong><\/p>\n<p>Der Frauenschl\u00e4ger und \u201eProfi\u201c-Boxer Tom Schwarz will am 25. November 2023 im Rahmen seiner Come-Back-Veranstaltungsreihe unter dem Titel \u00bbThe Show Must Go On IV\u00ab in der Verti Music Hall in Berlin k\u00e4mpfen. Bereits zwei Exfreundinnen, Annemarie Eilfeld und Tessa Schimschar, erhoben ihre Stimme gegen ihn: Beide pr\u00fcgelte er krankenhausreif.<\/p>\n<p>Wir h\u00f6ren nicht auf, uns gegen die systematische Ungerechtigkeit, die den Betroffenen widerf\u00e4hrt zu wehren und sagen: Auf Sportveranstaltungen ist kein Platz f\u00fcr Gewaltt\u00e4ter, die auch au\u00dferhalb des Rings zuschlagen und sich ihrer Verantwortung als Sportler und \u00f6ffentliche Person nicht im Geringsten bewusst sind. Jede:r, der die K\u00e4mpfe und Veranstaltungen von bekannten Pers\u00f6nlichkeiten in Musik- Show- und Sportindustrie unterst\u00fctzt, nachdem ihre Verbrechen an FLINTA* bekannt geworden sind, geh\u00f6rt boykottiert!<\/p>\n<p><strong>R\u00fcckblick: Kein Delikt eines Kavaliers \u2013 sondern Unrecht eines Wiederholungst\u00e4ters<\/strong><\/p>\n<p>Tom Schwarz galt lange als aufgehender Stern am Himmel des Deutschen Boxsports \u2013 als neue Hoffnung des Profiboxstalls SES-Boxing in Magdeburg sollten ihm Ruhm und Ehre im Ring geb\u00fchren. Au\u00dfer Tyson Fury, der ihn 2019 in Las Vegas K.O. schl\u00e4gt, scheint ihm niemand das Wasser reichen zu k\u00f6nnen, was vielleicht auch seine zur Schau getragene Gro\u00dfspurigkeit erkl\u00e4rt. Doch im Jahr 2021 folgt dann der gro\u00dfe Knick in Schwarz\u2018 Karriere: Nachdem er im November 2021 in Burg vor Gericht steht, weil er seiner Ex-Partnerin Tessa Schimschar dreifach den Kiefer brach, wird er zun\u00e4chst von<\/p>\n<p>SES suspendiert, die Vertr\u00e4ge laufen aus. Der Fall erlangt eine gro\u00dfe mediale Aufmerksamkeit, denn wo anfangs noch 5 Jahre Haft wegen \u00bblebensgef\u00e4hrlicher Behandlung\u00ab im Raum stehen, verl\u00e4sst Schwarz mit empor gereckter Faust und den Worten \u00bbRaus aus dem Puff!\u00ab den Gerichtsaal und zahlt nach \u00a7153 StPO lediglich 2.500\u20ac an die Staatskasse. Auch der zust\u00e4ndige Richter, Winfried Leopold, hat sich, so wie er es im Richterspruch der Betroffenen wortw\u00f6rtlich vorwirft \u00bbnicht mit Ruhm bekleckert\u00ab: Er h\u00f6rt lediglich eine Zeugin an, welche privat mit Schwarz befreundet ist und l\u00e4sst Zahn- und Gerichtsmediziner sowie weitere Zeugen der Betroffenen nicht in den Zeugenstand laden. F\u00fcr<\/p>\n<p>Leopold ist die Sache klar: \u00bbDer Schlag h\u00e4tte anders ausgef\u00fchrt werden k\u00f6nnen und m\u00fcssen und als Profiboxer muss man in der Lage sein, das dosieren zu k\u00f6nnen.\u00ab Kein Wort davon, dass Gewalt in (Ex-)Partnerschaften keinen Platz haben darf, sondern f\u00fcr alle Frauenschl\u00e4ger die Gewissheit, dass man(n) in Deutschland einer Frau f\u00fcr 2.500\u20ac den Kiefer brechen kann. Auf den rund 50.000 \u20ac, die<\/p>\n<p>Tessa unter anderem f\u00fcr ihre zahn\u00e4rztliche Behandlung und das Verfahren aufbringen musste, bleibt sie als Betroffene der Gewalt sitzen. F\u00fcr \u00f6konomisch schlechter gestellte Betroffene kann eine solche Summe der finanzielle Ruin bedeuten.<\/p>\n<p>\u00d6ffentlich bekannt wird ungef\u00e4hr zur gleichen Zeit auch, dass eine weitere Ex-Partnerin Schwarz\u2018, die S\u00e4ngerin Annemarie Eilfeld, sowie ein Arbeiter, der 2020 Beteiligter an einem Autounfall mit dem Boxer wird, ebenfalls seiner Gewalt ausgeliefert wurden. F\u00fcr uns eigentlich Grund genug, ihm f\u00fcr immer den Ring zu verwehren. Das konstatieren auch andere Stars der Boxszene, wie die Ex-Weltmeisterin Regina Halmich. Sie sagt: \u00bbRehabilitation ist wichtig. Auch Schwarz soll eine zweite Chance bekommen. Aber in Zukunft mit den F\u00e4usten Geld verdienen, mit denen er privat so eine schlimme Tat ausge\u00fcbt hat, das geht einfach nicht. Diese Konsequenz sollte er bereit sein, zu ziehen.\u00ab<\/p>\n<p>Tessa und die anderen Betroffenen von Schwarz\u2018 Gewalt werden gezielt herabgew\u00fcrdigt, denn der Titel der bisher vierteiligen Come-Back-Kampfreihe Schwarz\u2018 lautet: \u00bbShow must go on\u00ab \u2013 Nicht nur, dass durch die Titelvergabe bewusst versucht wird, die Karriere des Boxers auf dem R\u00fccken der Betroffenen auf- bzw. auszubauen, wie eine Bagatelle werden die Taten durch die Wortwahl des Sportmanagments abgetan. Von Einsicht in die Verschuldung Schwarz\u2018 oder dem Versuch ehrlich mit sich selbst abzurechnen, kann keine Rede sein \u2013 da n\u00fctzt auch die mittlerweile auf Instagram ver\u00f6ffentlichte Stellungnahme des Boxers nichts. Im Gegenteil: In der Entschuldigung stilisiert er sich als Opfer der Proteste gegen ihn hoch. Bis heute gibt es keine pers\u00f6nliche Entschuldigung bei den Betroffenen.<\/p>\n<p><strong>Widerstand gegen patriarchale Gewalt bleibt legitim und ist notwendig!<\/strong><\/p>\n<p>Nachdem seine Ex-Partnerin Tessa anl\u00e4sslich des Internationalen Tages gegen Gewalt an Frauen und M\u00e4dchen am 25. November 2021 \u00f6ffentlich \u00fcber ihren Fall redet, ist es an Dreistigkeit nicht zu \u00fcberbieten, ihn dieses Jahr am gleichen Tag in Berlin k\u00e4mpfen zu lassen. Aber das lassen wir nicht unbeantwortet: Wir fighten vereint gegen T\u00e4ter im Ring und zuhause, anstatt Frauenschl\u00e4ger Tom<\/p>\n<p>Schwarz seine mickrige Show abziehen zu lassen. Mickrig allein deshalb, weil er es trotz konstantem Platz auf der Setcard der \u00bbShow must go on\u00ab- Reihe an diesem Abend nicht einmal als Hauptkampf in den Ring schafft. Es liegt an uns zu entscheiden, ob wir derartige Provokationen von T\u00e4tern wie ihm hinnehmen oder uns entschieden gegen sie und ihre Komplitzen wehren \u2013 Gewalt gegen FLINTA* hat System! Nehmen wir uns am 25. November die Stra\u00dfen und lassen unseren Protest laut werden! Bis klar ist, dass f\u00fcr Frauenschl\u00e4ger und gewalt\u00e4tige Macker kein Platz in den S\u00e4len und Arenen unserer Stadt und auch sonst nirgends ist!<\/p>\n<p><strong>T\u00e4ter gibt\u2019s in jeder Stadt, bildet Banden, macht sie platt!<\/strong><\/p>\n","protected":false},"excerpt":{"rendered":"<p>\ud83d\udca5Samstag 25.11.2023\ud83d\udca5 wir berichten am Samstag #b2511 ab 16:30 Uhr von der Kundgebung \ud83d\udd25Gegen den Auftritt von Tom Schwarz! Frauenschl\u00e4ger aus der City jagen!\ud83d\udd25 Samstag, 25.11.2023 | 16:30 Uhr | Boxhagener Platz 10245 Berlin Anreise: U5 Samariter Stra\u00dfe, Bus 240, Tram 21 Wismarplatz, M13 Simplonstra\u00dfe oder W\u00fchlischstra\u00dfe \ud83d\udce3 Aufruf: https:\/\/antifa-nordost.org\/13917\/demo-am-25-11-gegen-tom-schwarz-frauenschlaeger-aus-der-city-jagen\/ Web-Ticker:\u00a0https:\/\/berlin.demoticker.org Mastodon:\u00a0@Demo_Ticker_Berlin@todon.eu Telegram Ticker:\u00a0https:\/\/t.me\/demotickerberlin Hashtags: &hellip; <\/p>\n<p class=\"link-more\"><a href=\"https:\/\/demotickerberlin.noblogs.org\/?p=3188\" class=\"more-link\"><span class=\"screen-reader-text\">\u201eGegen den Auftritt von Tom Schwarz! Frauenschl\u00e4ger aus der City jagen! (25.11.2023)\u201c <\/span>weiterlesen<\/a><\/p>\n","protected":false},"author":13687,"featured_media":0,"comment_status":"closed","ping_status":"closed","sticky":false,"template":"","format":"aside","meta":{"footnotes":""},"categories":[15],"tags":[20,118],"class_list":["post-3188","post","type-post","status-publish","format-aside","hentry","category-feministische-kaempfe","tag-b2511","tag-keineshowfuertaeter","post_format-post-format-aside"],"_links":{"self":[{"href":"https:\/\/demotickerberlin.noblogs.org\/index.php?rest_route=\/wp\/v2\/posts\/3188","targetHints":{"allow":["GET"]}}],"collection":[{"href":"https:\/\/demotickerberlin.noblogs.org\/index.php?rest_route=\/wp\/v2\/posts"}],"about":[{"href":"https:\/\/demotickerberlin.noblogs.org\/index.php?rest_route=\/wp\/v2\/types\/post"}],"author":[{"embeddable":true,"href":"https:\/\/demotickerberlin.noblogs.org\/index.php?rest_route=\/wp\/v2\/users\/13687"}],"replies":[{"embeddable":true,"href":"https:\/\/demotickerberlin.noblogs.org\/index.php?rest_route=%2Fwp%2Fv2%2Fcomments&post=3188"}],"version-history":[{"count":8,"href":"https:\/\/demotickerberlin.noblogs.org\/index.php?rest_route=\/wp\/v2\/posts\/3188\/revisions"}],"predecessor-version":[{"id":3199,"href":"https:\/\/demotickerberlin.noblogs.org\/index.php?rest_route=\/wp\/v2\/posts\/3188\/revisions\/3199"}],"wp:attachment":[{"href":"https:\/\/demotickerberlin.noblogs.org\/index.php?rest_route=%2Fwp%2Fv2%2Fmedia&parent=3188"}],"wp:term":[{"taxonomy":"category","embeddable":true,"href":"https:\/\/demotickerberlin.noblogs.org\/index.php?rest_route=%2Fwp%2Fv2%2Fcategories&post=3188"},{"taxonomy":"post_tag","embeddable":true,"href":"https:\/\/demotickerberlin.noblogs.org\/index.php?rest_route=%2Fwp%2Fv2%2Ftags&post=3188"}],"curies":[{"name":"wp","href":"https:\/\/api.w.org\/{rel}","templated":true}]}}