{"id":3200,"date":"2023-11-22T20:28:20","date_gmt":"2023-11-22T19:28:20","guid":{"rendered":"https:\/\/demotickerberlin.noblogs.org\/?p=3200"},"modified":"2023-11-22T20:28:20","modified_gmt":"2023-11-22T19:28:20","slug":"stop-geas-fuer-ein-europa-dass-bruecken-baut-26-11-2023","status":"publish","type":"post","link":"https:\/\/demotickerberlin.noblogs.org\/?p=3200","title":{"rendered":"STOP GEAS &#8211; F\u00fcr ein Europa, dass Br\u00fccken baut! (26.11.2023)"},"content":{"rendered":"<p><img loading=\"lazy\" decoding=\"async\" class=\"alignnone size-full wp-image-6471\" src=\"https:\/\/asanb.noblogs.org\/files\/2023\/11\/b2611_1_1.jpg\" alt=\"\" width=\"1080\" height=\"1080\" \/><\/p>\n<p><strong>\ud83d\udca5Sonntag 26.11.2023\ud83d\udca5<\/strong><\/p>\n<p>wir berichten am Sonntag #b2611 <strong>ab 13:00 Uhr <\/strong>von der Demonstration<\/p>\n<div class=\"entry-content\">\n<p><strong>\ud83d\udd25STOP GEAS &#8211; F\u00fcr ein Europa, dass Br\u00fccken baut!\ud83d\udd25<\/strong><\/p>\n<p><strong>Sonntag, 26.11.2023 | 13:00 Uhr | Oranienplatz 10999 Berlin<\/strong><\/p>\n<p><strong>Anreise: U8, Bus 248 Moritzplatz | M29 Oranienplatz | U1, U3, U8 Kottbusser Tor<\/strong><\/p>\n<p>\ud83d\udce3 Aufruf: https:\/\/www.instagram.com\/p\/Cz1fajpsEer\/<\/p>\n<p>Web-Ticker:\u00a0<a href=\"https:\/\/berlin.demoticker.org\/\" target=\"_blank\" rel=\"noopener\">https:\/\/berlin.demoticker.org<\/a><br \/>\nMastodon:\u00a0@<a href=\"https:\/\/todon.eu\/@Demo_Ticker_Berlin\" target=\"_blank\" rel=\"noopener\">Demo_Ticker_Berlin@todon.eu<\/a><br \/>\nTelegram Ticker:\u00a0<a href=\"https:\/\/t.me\/demotickerberlin\" target=\"_blank\" rel=\"noopener\">https:\/\/t.me\/demotickerberlin<\/a><br \/>\nHashtags: <span style=\"font-size: 1rem\">#b2611 #StopGEAS!<\/span><\/p>\n<\/div>\n<p>\ud83d\uddfa\ufe0f\u00a0<strong>Voraussichtliche Route:<\/strong><\/p>\n<ul>\n<li>Oranienplatz<\/li>\n<li>Oranienstra\u00dfe<\/li>\n<li>Skalitzer Stra\u00dfe<\/li>\n<li>Gitschiner Stra\u00dfe<\/li>\n<li>Hallesches Ufer<\/li>\n<li>Wilhelmstra\u00dfe<\/li>\n<li>Wilhelmstra\u00dfe\/Stresemannstra\u00dfe<\/li>\n<\/ul>\n<p>Anfang Dezember soll im EU-Parlament \u00fcber eine Versch\u00e4rfung des Gemeinsamen Europ\u00e4ischen Asylsystems (GEAS) diskutiert werden.<\/p>\n<p>Das Parlament wird dabei \u00fcber ein ganzes B\u00fcndel an Verordnungen abstimmen, welche das europ\u00e4ische Asylsystem grundlegend versch\u00e4rfen sollen. In der Folge wird es zu systematischen Menschenrechtsverletzungen kommen. Die faktische Abschaffung des Grundrechts auf Asyl droht.<\/p>\n<p>Wir fordern das EU-Parlament dazu auf, diesen historischen<br \/>\nEinschnitten nicht zuzustimmen, sondern sich f\u00fcr die Einhaltung der Menschenrechte aller einzusetzen.<\/p>\n<p><strong>Das individuelle Asylrecht muss das Fundament unseres Schutzsystems<\/strong><br \/>\n<strong>bleiben!<\/strong><\/p>\n<p>Wir fordern die Bundesregierung dazu auf, ihren Wahlversprechen nachzukommen und sich f\u00fcr eine menschenrechtsbasierte Migrationspolitik einzusetzen.<\/p>\n<p><strong>Kommt mit uns auf die Stra\u00dfe, um ein starkes Zeichen f\u00fcr ein offenes und solidarisches Europa zu setzen!<\/strong><\/p>\n<hr \/>\n<p><strong>\ud83d\udca5Sunday 26.11.2023\ud83d\udca5<\/strong><\/p>\n<p>we report on Sunday #b2611 <strong>from 01:00 pm<\/strong> from the demonstration<\/p>\n<p><strong>\ud83d\udd25STOP GEAS \u2013 For a Europe that builds bridges!\ud83d\udd25<\/strong><\/p>\n<p><strong>Sunday, 26.11.2023 | 13:00 | Oranienplatz 10999 Berlin<\/strong><\/p>\n<p><strong>Arrival: U8, Bus 248 Moritzplatz | M29 Oranienplatz | U1, U3, U8 Kottbusser Tor<\/strong><\/p>\n<p>\ud83d\udce3 Call: <a href=\"https:\/\/www.instagram.com\/p\/Cz1fajpsEer\/\" target=\"_blank\" rel=\"noopener\">https:\/\/www.instagram.com\/p\/Cz1fajpsEer\/<\/a><\/p>\n<p>Web-Ticker:\u00a0<a href=\"https:\/\/berlin.demoticker.org\/\" target=\"_blank\" rel=\"noopener\">https:\/\/berlin.demoticker.org<\/a><br \/>\nMastodon:\u00a0@<a href=\"https:\/\/todon.eu\/@Demo_Ticker_Berlin\" target=\"_blank\" rel=\"noopener\">Demo_Ticker_Berlin@todon.eu<\/a><br \/>\nTelegram Ticker:\u00a0<a href=\"https:\/\/t.me\/demotickerberlin\" target=\"_blank\" rel=\"noopener\">https:\/\/t.me\/demotickerberlin<\/a><br \/>\nHashtags: <span style=\"font-size: 1rem\">#b2611 #StopGEAS!<\/span><\/p>\n<p>\ud83d\uddfa\ufe0f<strong> Expected route:<\/strong><\/p>\n<ul>\n<li>Oranienplatz<\/li>\n<li>Oranienstra\u00dfe<\/li>\n<li>Skalitzer Stra\u00dfe<\/li>\n<li>Gitschiner Stra\u00dfe<\/li>\n<li>Hallesches Ufer<\/li>\n<li>Wilhelmstra\u00dfe<\/li>\n<li>Wilhelmstra\u00dfe\/Stresemannstra\u00dfe<\/li>\n<\/ul>\n<p>Take to the streets against the European eradication of the right to asylum!<\/p>\n<p>At the beginning of December, the EU Parliament will discuss another aggravation of the Common European Asylum System (GEAS).<\/p>\n<p>The parliament will vote on a bundle of different regulations, which will fundamentally tighten the European asylum system. As a result, there will be systematic human rights violations. The fundamental right to asylum is at stake.<\/p>\n<p>We call upon the EU Parliament not to agree to these historic cuts, but to stand up for the respect of human rights for all.<\/p>\n<p><strong>The individual right to asylum must remain the foundation of our protection system!<\/strong><\/p>\n<p>We call upon the German government to live up to its election promises and stand up for a human rights-based migration policy.<\/p>\n<p><strong>We invite the civil society to take to the streets with us, to protest together against these historic aggravations of the asylum law and to set a sign for an open and solidary Europe!<\/strong><\/p>\n","protected":false},"excerpt":{"rendered":"<p>\ud83d\udca5Sonntag 26.11.2023\ud83d\udca5 wir berichten am Sonntag #b2611 ab 13:00 Uhr von der Demonstration \ud83d\udd25STOP GEAS &#8211; F\u00fcr ein Europa, dass Br\u00fccken baut!\ud83d\udd25 Sonntag, 26.11.2023 | 13:00 Uhr | Oranienplatz 10999 Berlin Anreise: U8, Bus 248 Moritzplatz | M29 Oranienplatz | U1, U3, U8 Kottbusser Tor \ud83d\udce3 Aufruf: https:\/\/www.instagram.com\/p\/Cz1fajpsEer\/ Web-Ticker:\u00a0https:\/\/berlin.demoticker.org Mastodon:\u00a0@Demo_Ticker_Berlin@todon.eu Telegram Ticker:\u00a0https:\/\/t.me\/demotickerberlin Hashtags: #b2611 #StopGEAS! &hellip; <\/p>\n<p class=\"link-more\"><a href=\"https:\/\/demotickerberlin.noblogs.org\/?p=3200\" class=\"more-link\"><span class=\"screen-reader-text\">\u201eSTOP GEAS &#8211; F\u00fcr ein Europa, dass Br\u00fccken baut! (26.11.2023)\u201c <\/span>weiterlesen<\/a><\/p>\n","protected":false},"author":13687,"featured_media":0,"comment_status":"closed","ping_status":"closed","sticky":false,"template":"","format":"aside","meta":{"footnotes":""},"categories":[14],"tags":[6,145],"class_list":["post-3200","post","type-post","status-publish","format-aside","hentry","category-antirassismus","tag-b2611","tag-stopgeas","post_format-post-format-aside"],"_links":{"self":[{"href":"https:\/\/demotickerberlin.noblogs.org\/index.php?rest_route=\/wp\/v2\/posts\/3200","targetHints":{"allow":["GET"]}}],"collection":[{"href":"https:\/\/demotickerberlin.noblogs.org\/index.php?rest_route=\/wp\/v2\/posts"}],"about":[{"href":"https:\/\/demotickerberlin.noblogs.org\/index.php?rest_route=\/wp\/v2\/types\/post"}],"author":[{"embeddable":true,"href":"https:\/\/demotickerberlin.noblogs.org\/index.php?rest_route=\/wp\/v2\/users\/13687"}],"replies":[{"embeddable":true,"href":"https:\/\/demotickerberlin.noblogs.org\/index.php?rest_route=%2Fwp%2Fv2%2Fcomments&post=3200"}],"version-history":[{"count":1,"href":"https:\/\/demotickerberlin.noblogs.org\/index.php?rest_route=\/wp\/v2\/posts\/3200\/revisions"}],"predecessor-version":[{"id":3201,"href":"https:\/\/demotickerberlin.noblogs.org\/index.php?rest_route=\/wp\/v2\/posts\/3200\/revisions\/3201"}],"wp:attachment":[{"href":"https:\/\/demotickerberlin.noblogs.org\/index.php?rest_route=%2Fwp%2Fv2%2Fmedia&parent=3200"}],"wp:term":[{"taxonomy":"category","embeddable":true,"href":"https:\/\/demotickerberlin.noblogs.org\/index.php?rest_route=%2Fwp%2Fv2%2Fcategories&post=3200"},{"taxonomy":"post_tag","embeddable":true,"href":"https:\/\/demotickerberlin.noblogs.org\/index.php?rest_route=%2Fwp%2Fv2%2Ftags&post=3200"}],"curies":[{"name":"wp","href":"https:\/\/api.w.org\/{rel}","templated":true}]}}