{"id":3204,"date":"2023-11-27T19:28:02","date_gmt":"2023-11-27T18:28:02","guid":{"rendered":"https:\/\/demotickerberlin.noblogs.org\/?p=3204"},"modified":"2023-11-27T19:28:36","modified_gmt":"2023-11-27T18:28:36","slug":"keine-kriegskonferenz-in-unserer-stadt-no-bsc-2023-29-11-2023","status":"publish","type":"post","link":"https:\/\/demotickerberlin.noblogs.org\/?p=3204","title":{"rendered":"Keine Kriegskonferenz in unserer Stadt! No BSC 2023! (29.11.2023)"},"content":{"rendered":"<p><img loading=\"lazy\" decoding=\"async\" class=\"alignnone size-full wp-image-6487\" src=\"https:\/\/asanb.noblogs.org\/files\/2023\/11\/b2911_1_1.jpg.jpeg\" alt=\"\" width=\"722\" height=\"1024\" \/><\/p>\n<p><strong>\ud83d\udca5Mittwoch 29.11.2023\ud83d\udca5<\/strong><\/p>\n<p>wir berichten am Mittwoch #b2911 <strong>ab 18:00 Uhr <\/strong>von der Demonstration<\/p>\n<div class=\"entry-content\">\n<p><strong>\ud83d\udd25Keine Kriegskonferenz in unserer Stadt! No BSC 2023!\ud83d\udd25<\/strong><\/p>\n<p><strong>Mittwoch, 29.11.2023 | 18:00 Uhr | Frankfurter Tor, 10247 Berlin<\/strong><\/p>\n<p><strong>Anreise: U5, Tram 21, M10 Frankfurter Tor<\/strong><\/p>\n<p>\ud83d\udce3 Aufruf <a href=\"https:\/\/nobsc2023.noblogs.org\/no-war-conference-in-our-city-no-bsc-2023\/\" target=\"_blank\" rel=\"noopener\">English<\/a> &#8211; <a href=\"https:\/\/nobsc2023.noblogs.org\/pas-de-conference-de-guerre-dans-notre-ville-no-bsc-2023\/\" target=\"_blank\" rel=\"noopener\">Fran\u00e7ais<\/a> &#8211; <a href=\"https:\/\/nobsc2023.noblogs.org\/no-a-la-conferencia-de-guerra-en-nuestra-ciudad\/\" target=\"_blank\" rel=\"noopener\">Espa\u00f1ol<\/a> &#8211; <a href=\"https:\/\/nobsc2023.noblogs.org\/no-a-la-conferencia-de-guerra-en-nuestra-ciudad\/\" target=\"_blank\" rel=\"noopener\">Deutsch<\/a><\/p>\n<p>Web-Ticker:\u00a0<a href=\"https:\/\/berlin.demoticker.org\/\" target=\"_blank\" rel=\"noopener\">https:\/\/berlin.demoticker.org<\/a><br \/>\nMastodon:\u00a0@<a href=\"https:\/\/todon.eu\/@Demo_Ticker_Berlin\" target=\"_blank\" rel=\"noopener\">Demo_Ticker_Berlin@todon.eu<\/a><br \/>\nTelegram Ticker:\u00a0<a href=\"https:\/\/t.me\/demotickerberlin\" target=\"_blank\" rel=\"noopener\">https:\/\/t.me\/demotickerberlin<\/a><br \/>\nHashtags: <span style=\"font-size: 1rem\">#b2911 #NoBSC2023!<\/span><\/p>\n<\/div>\n<p>\ud83d\uddfa\ufe0f\u00a0<strong>Voraussichtliche Route:<\/strong><\/p>\n<ul>\n<li>Warschauer Str.<\/li>\n<li>Frankfurter Allee (AK)<\/li>\n<li>Petersburger Str<\/li>\n<li>Bersarinplatz<\/li>\n<li>Petersburger Str<\/li>\n<li>Landsberger Allee<\/li>\n<li>Landsberger Allee S\u00fcdspitze (ZK)<\/li>\n<li>Landsberger Allee<\/li>\n<li>Landberger Allee 117<\/li>\n<\/ul>\n<p><strong>Keine Kriegskonferenz in unserer Stadt!<\/strong><br \/>\n<strong>Abr\u00fcsten statt Sozialabbau!<\/strong><\/p>\n<p>Am 29. und 30. November findet im Andels Hotel am Bahnhof Landsberger Allee die Berlin Security Conference (BSC) zum 22. Mal statt. Auf der BSC, laut eigener Aussage die \u201egr\u00f6\u00dfte europ\u00e4ische Veranstaltung zur Sicherheits- und Verteidigungspolitik\u201c, kommen allj\u00e4hrlich Politiker*innen, hochrangige Milit\u00e4rs und Vertreter*innen internationaler R\u00fcstungsfirmen zusammen.<\/p>\n<p>Als Kongressmesse schafft die BSC neben inhaltlichen Vortr\u00e4gen den n\u00f6tigen Rahmen f\u00fcr zivile, milit\u00e4rische und politische Funktionstr\u00e4ger*innen, um sich auch informell auszutauschen. Am Buffet kann gemeinsam geplauscht und beim Aussteller nebenan die neuste Kriegsdrohne in Augenschein genommen werden.<\/p>\n<p>In den letzten Jahren hat die BSC an politischem Gewicht gewonnen, unter dem Eindruck des Ukraine-Krieges scheint das Treffen nun aber endg\u00fcltig einen \u00e4hnlichen Stellenwert wie die M\u00fcnchner Sicherheitskonferenz (SIKO) einzunehmen.<\/p>\n<p>Unterst\u00fctzt wurde und wird die BSC vom Who\u2019s Who der deutschen und europ\u00e4ischen R\u00fcstungsindustrie, darunter etwa Heckler &amp; Koch, Rheinmetall, Diehl, Taurus, Siemens, Hensoldt und ThyssenKrupp. Hinzu kommen diverse Tech-Firmen mit Angeboten wie abh\u00f6rsicherer Kommunikation, Spionagesoftware und \u00dcberwachungstechnologie.<\/p>\n<p>Eingeladen sind dieses Jahr neben zahlreichen Industrie- und Lobbyverb\u00e4nden sowie deutschen und internationalen (Nato-)Milit\u00e4rs unter anderen der deutsche Kriegsminister Pistorius,\u00a0Bundeskanzler Scholz, die EU-Ratspr\u00e4sidentin von der Leyen, der Ministerpr\u00e4sident der Niederlande Mark Rutte sowie NATO-Generalsekret\u00e4r Stoltenberg.<\/p>\n<p>Ihre Zeitenwende hei\u00dft Sozialabbau! Am ersten Dezember wird der Bundeshaushalt f\u00fcr 2024 verabschiedet. Uns erwarten extreme K\u00fcrzungen in den Bereichen Bildung, Gesundheit und Soziales und eine massive Budgeterh\u00f6hung f\u00fcr den sogenannten Verteidigungsetat. R\u00fcstungs- und Technologiefirmen verdienen jedes Jahr mehr an kriegerischen Konflikten und der gigantischen Aufr\u00fcstung. Das Gesch\u00e4ft mit dem Tod boomt. Rheinmetall etwa hat bei allgemeiner wirtschaftlicher Stagnation seinen Gewinn 2022 um 27 Prozent steigern k\u00f6nnen.<\/p>\n<p>Die Berliner Sicherheitskonferenz steht f\u00fcr eine militarisierte Welt in der \u00f6konomische und politische Interessen mit brutaler Gewalt und Krieg durchgesetzt werden.\u00a0Der kapitalistische Profitzwang f\u00fchrt zum Kampf um neue Absatzm\u00e4rkte und Handelsrouten. Kriege sind patriarchal und rassistisch gepr\u00e4gt und versch\u00e4rfen Ausbeutung und Unterdr\u00fcckung. Menschenrechte spielen weder f\u00fcr die beteiligten Konzerne noch die anwesenden Politiker*innen die geringste Rolle \u2013 weder bei Auslandseins\u00e4tzen der Bundeswehr, an den Au\u00dfengrenzen der Festung Europa noch in den Hauptempf\u00e4ngerl\u00e4ndern deutscher Waffenexporte wie der Ukraine, \u00c4gypten oder der T\u00fcrkei. Auch nach Innen wird aufger\u00fcstet, um sich vor sozialen Aufst\u00e4nden zu sch\u00fctzen. Dass die bewaffneten staatlichen Institutionen von Faschist*innen durchsetzt sind, steht dabei nicht im Widerspruch zum Staat, verteidigen sie doch weltweit die gleichen Macht-, Eigentums- und Produktionsverh\u00e4ltnisse.<\/p>\n<p><strong>Es reicht! Kein Krieg, kein Milit\u00e4r, nieder mit der Bundeswehr!<\/strong><br \/>\n<strong>R\u00fcstungsindustrie zerschlagen! BSC versenken!<\/strong><\/p>\n","protected":false},"excerpt":{"rendered":"<p>\ud83d\udca5Mittwoch 29.11.2023\ud83d\udca5 wir berichten am Mittwoch #b2911 ab 18:00 Uhr von der Demonstration \ud83d\udd25Keine Kriegskonferenz in unserer Stadt! No BSC 2023!\ud83d\udd25 Mittwoch, 29.11.2023 | 18:00 Uhr | Frankfurter Tor, 10247 Berlin Anreise: U5, Tram 21, M10 Frankfurter Tor \ud83d\udce3 Aufruf English &#8211; Fran\u00e7ais &#8211; Espa\u00f1ol &#8211; Deutsch Web-Ticker:\u00a0https:\/\/berlin.demoticker.org Mastodon:\u00a0@Demo_Ticker_Berlin@todon.eu Telegram Ticker:\u00a0https:\/\/t.me\/demotickerberlin Hashtags: #b2911 #NoBSC2023! \ud83d\uddfa\ufe0f\u00a0Voraussichtliche &hellip; <\/p>\n<p class=\"link-more\"><a href=\"https:\/\/demotickerberlin.noblogs.org\/?p=3204\" class=\"more-link\"><span class=\"screen-reader-text\">\u201eKeine Kriegskonferenz in unserer Stadt! No BSC 2023! (29.11.2023)\u201c <\/span>weiterlesen<\/a><\/p>\n","protected":false},"author":13687,"featured_media":0,"comment_status":"closed","ping_status":"closed","sticky":false,"template":"","format":"aside","meta":{"footnotes":""},"categories":[13],"tags":[146,147],"class_list":["post-3204","post","type-post","status-publish","format-aside","hentry","category-antimilitarismus","tag-b2911","tag-nobsc2023","post_format-post-format-aside"],"_links":{"self":[{"href":"https:\/\/demotickerberlin.noblogs.org\/index.php?rest_route=\/wp\/v2\/posts\/3204","targetHints":{"allow":["GET"]}}],"collection":[{"href":"https:\/\/demotickerberlin.noblogs.org\/index.php?rest_route=\/wp\/v2\/posts"}],"about":[{"href":"https:\/\/demotickerberlin.noblogs.org\/index.php?rest_route=\/wp\/v2\/types\/post"}],"author":[{"embeddable":true,"href":"https:\/\/demotickerberlin.noblogs.org\/index.php?rest_route=\/wp\/v2\/users\/13687"}],"replies":[{"embeddable":true,"href":"https:\/\/demotickerberlin.noblogs.org\/index.php?rest_route=%2Fwp%2Fv2%2Fcomments&post=3204"}],"version-history":[{"count":1,"href":"https:\/\/demotickerberlin.noblogs.org\/index.php?rest_route=\/wp\/v2\/posts\/3204\/revisions"}],"predecessor-version":[{"id":3205,"href":"https:\/\/demotickerberlin.noblogs.org\/index.php?rest_route=\/wp\/v2\/posts\/3204\/revisions\/3205"}],"wp:attachment":[{"href":"https:\/\/demotickerberlin.noblogs.org\/index.php?rest_route=%2Fwp%2Fv2%2Fmedia&parent=3204"}],"wp:term":[{"taxonomy":"category","embeddable":true,"href":"https:\/\/demotickerberlin.noblogs.org\/index.php?rest_route=%2Fwp%2Fv2%2Fcategories&post=3204"},{"taxonomy":"post_tag","embeddable":true,"href":"https:\/\/demotickerberlin.noblogs.org\/index.php?rest_route=%2Fwp%2Fv2%2Ftags&post=3204"}],"curies":[{"name":"wp","href":"https:\/\/api.w.org\/{rel}","templated":true}]}}