{"id":3206,"date":"2023-11-28T19:52:59","date_gmt":"2023-11-28T18:52:59","guid":{"rendered":"https:\/\/demotickerberlin.noblogs.org\/?p=3206"},"modified":"2023-11-28T19:52:59","modified_gmt":"2023-11-28T18:52:59","slug":"the-camp-resists-stop-the-genocide-in-gaza-02-12-2023","status":"publish","type":"post","link":"https:\/\/demotickerberlin.noblogs.org\/?p=3206","title":{"rendered":"The Camp Resists &#8211; Stop the genocide in Gaza! (02.12.2023)"},"content":{"rendered":"<p><img loading=\"lazy\" decoding=\"async\" class=\"alignnone size-full wp-image-6496\" src=\"https:\/\/asanb.noblogs.org\/files\/2023\/11\/b0212_1_1.jpg\" alt=\"\" width=\"1080\" height=\"1080\" \/><\/p>\n<p><strong>\ud83d\udca5Samstag 02.12.2023\ud83d\udca5<\/strong><\/p>\n<p>wir berichten am Samstag #b0212 <strong>ab 14:00 Uhr <\/strong>von der Demonstration<\/p>\n<div class=\"entry-content\">\n<p><strong>\ud83d\udd25The Camp Resists &#8211; Stop the genocide in Gaza!\ud83d\udd25<\/strong><\/p>\n<p><strong>Samstag, 02.12.2023 | 14:00 Uhr | Blochplatz, 13357 Berlin<\/strong><\/p>\n<p><strong>Anreise: U8, S1, S2, S25, S26, S41, S421 RB10, RB21, RB27, RB54, RB60, RE1, RE2, RE3, RE5, RE8, RE66, Bus 247 Gesundbrunnen<\/strong><\/p>\n<p>\ud83d\udce3 Aufruf: <a href=\"https:\/\/www.instagram.com\/p\/Cz_tOpHsB6z\/\" target=\"_blank\" rel=\"noopener\">https:\/\/www.instagram.com\/p\/Cz_tOpHsB6z\/<\/a><\/p>\n<p>Web-Ticker:\u00a0<a href=\"https:\/\/berlin.demoticker.org\/\" target=\"_blank\" rel=\"noopener\">https:\/\/berlin.demoticker.org<\/a><br \/>\nMastodon:\u00a0@<a href=\"https:\/\/todon.eu\/@Demo_Ticker_Berlin\" target=\"_blank\" rel=\"noopener\">Demo_Ticker_Berlin@todon.eu<\/a><br \/>\nTelegram Ticker:\u00a0<a href=\"https:\/\/t.me\/demotickerberlin\" target=\"_blank\" rel=\"noopener\">https:\/\/t.me\/demotickerberlin<\/a><br \/>\nHashtags: #b0212 #FreePalestine<\/p>\n<\/div>\n<p>\ud83d\uddfa\ufe0f\u00a0<strong>Voraussichtliche Route:<\/strong><\/p>\n<ul>\n<li>Blochplatz<\/li>\n<li>Badstra\u00dfe<\/li>\n<li>Brunnenstra\u00dfe<\/li>\n<li>Bernauer Stra\u00dfe<\/li>\n<li>Eberswalder Stra\u00dfe<\/li>\n<li>Sch\u00f6nhauser Allee<\/li>\n<li>Kastanienallee<\/li>\n<li>Weinbergsweg<\/li>\n<li>Kreuzung Torstra\u00dfe<\/li>\n<\/ul>\n<p><strong>*** english below *** \u0627\u0644\u0639\u0631\u0628\u064a\u0629 \u0623\u062f\u0646\u0627\u0647 ***<\/strong><\/p>\n<p>Wir stehen gemeinsam gegen alle Kriege, alle V\u00f6lkermorde, alle Unterdr\u00fcckungen weltweit. Solidarit\u00e4t ist unsere Waffe. Wir halten zusammen, bis die israelische Apartheid beendet, Pal\u00e4stina befreit und die Gerechtigkeit \u00fcberall auf der Welt erreicht ist.<\/p>\n<hr \/>\n<p>We will march together against all wars, all genocides, all oppressions worldwide. Solidarity is our weapon. For as long as it takes to end the Israeli apartheid. Free Palestine and until Justice is restored everywhere on this globe.<\/p>\n<hr \/>\n<p>\u200e\u0633\u0646\u0633\u064a\u0631 \u0645\u0639\u0627 \u0636\u062f \u0643\u0644 \u0627\u0644\u062d\u0631\u0648\u0628\u060c \u0648\u0636\u062f \u0643\u0644 \u0627\u0644\u0625\u0628\u0627\u062f\u0627\u062a \u0627\u0644\u062c\u0645\u0627\u0639\u064a\u0629\u060c \u0648\u0636\u062f \u0627\u0644\u0642\u0645\u0639 \u0648\u0627\u0644\u0627\u0636\u0637\u0647\u0627\u062f \u0628\u0643\u0644 \u0635\u0648\u0631\u0647\u0645 \u0641\u064a \u0627\u0644\u0639\u0627\u0644\u0645 \u0628\u0623\u0633\u0631\u0647. \u0633\u0644\u0627\u062d\u0646\u0627 \u0647\u0648 \u062a\u0636\u0627\u0645\u0646\u0646\u0627 \u0645\u0639 \u0628\u0639\u0636\u0646\u0627 \u0627\u0644\u0628\u0639\u0636\u060c \u0645\u0647\u0645\u0627 \u0637\u0627\u0644 \u0627\u0644\u0648\u0642\u062a \u0644\u0625\u0646\u0647\u0627\u0621 \u0627\u0644\u0627\u062d\u062a\u0644\u0627\u0644 \u0648\u0627\u0644\u0641\u0635\u0644 \u0627\u0644\u0625\u0633\u0631\u0627\u0626\u064a\u0644\u064a<br \/>\n\u200e\u0627\u0644\u0639\u0646\u0635\u0631\u064a. \u0641\u0644\u0633\u0637\u064a\u0646 \u062d\u0631\u0629\u060c \u0625\u0644\u0649 \u0623\u0646 \u064a\u0633\u0648\u062f \u0627\u0644\u0639\u062f\u0644 \u0641\u064a \u0643\u0644 \u0623\u0631\u062c\u0627\u0621 \u0627\u0644\u0623\u0631\u0636.<\/p>\n","protected":false},"excerpt":{"rendered":"<p>\ud83d\udca5Samstag 02.12.2023\ud83d\udca5 wir berichten am Samstag #b0212 ab 14:00 Uhr von der Demonstration \ud83d\udd25The Camp Resists &#8211; Stop the genocide in Gaza!\ud83d\udd25 Samstag, 02.12.2023 | 14:00 Uhr | Blochplatz, 13357 Berlin Anreise: U8, S1, S2, S25, S26, S41, S421 RB10, RB21, RB27, RB54, RB60, RE1, RE2, RE3, RE5, RE8, RE66, Bus 247 Gesundbrunnen \ud83d\udce3 Aufruf: &hellip; <\/p>\n<p class=\"link-more\"><a href=\"https:\/\/demotickerberlin.noblogs.org\/?p=3206\" class=\"more-link\"><span class=\"screen-reader-text\">\u201eThe Camp Resists &#8211; Stop the genocide in Gaza! (02.12.2023)\u201c <\/span>weiterlesen<\/a><\/p>\n","protected":false},"author":13687,"featured_media":0,"comment_status":"closed","ping_status":"closed","sticky":false,"template":"","format":"aside","meta":{"footnotes":""},"categories":[14],"tags":[],"class_list":["post-3206","post","type-post","status-publish","format-aside","hentry","category-antirassismus","post_format-post-format-aside"],"_links":{"self":[{"href":"https:\/\/demotickerberlin.noblogs.org\/index.php?rest_route=\/wp\/v2\/posts\/3206","targetHints":{"allow":["GET"]}}],"collection":[{"href":"https:\/\/demotickerberlin.noblogs.org\/index.php?rest_route=\/wp\/v2\/posts"}],"about":[{"href":"https:\/\/demotickerberlin.noblogs.org\/index.php?rest_route=\/wp\/v2\/types\/post"}],"author":[{"embeddable":true,"href":"https:\/\/demotickerberlin.noblogs.org\/index.php?rest_route=\/wp\/v2\/users\/13687"}],"replies":[{"embeddable":true,"href":"https:\/\/demotickerberlin.noblogs.org\/index.php?rest_route=%2Fwp%2Fv2%2Fcomments&post=3206"}],"version-history":[{"count":1,"href":"https:\/\/demotickerberlin.noblogs.org\/index.php?rest_route=\/wp\/v2\/posts\/3206\/revisions"}],"predecessor-version":[{"id":3207,"href":"https:\/\/demotickerberlin.noblogs.org\/index.php?rest_route=\/wp\/v2\/posts\/3206\/revisions\/3207"}],"wp:attachment":[{"href":"https:\/\/demotickerberlin.noblogs.org\/index.php?rest_route=%2Fwp%2Fv2%2Fmedia&parent=3206"}],"wp:term":[{"taxonomy":"category","embeddable":true,"href":"https:\/\/demotickerberlin.noblogs.org\/index.php?rest_route=%2Fwp%2Fv2%2Fcategories&post=3206"},{"taxonomy":"post_tag","embeddable":true,"href":"https:\/\/demotickerberlin.noblogs.org\/index.php?rest_route=%2Fwp%2Fv2%2Ftags&post=3206"}],"curies":[{"name":"wp","href":"https:\/\/api.w.org\/{rel}","templated":true}]}}