{"id":3216,"date":"2023-12-03T16:52:34","date_gmt":"2023-12-03T15:52:34","guid":{"rendered":"https:\/\/demotickerberlin.noblogs.org\/?p=3216"},"modified":"2023-12-09T20:25:33","modified_gmt":"2023-12-09T19:25:33","slug":"keine-waffen-fuer-genozid","status":"publish","type":"post","link":"https:\/\/demotickerberlin.noblogs.org\/?p=3216","title":{"rendered":"Keine Waffen f\u00fcr Genozid! (10.12.2023)"},"content":{"rendered":"<p><img loading=\"lazy\" decoding=\"async\" class=\"alignnone size-full wp-image-6537\" src=\"https:\/\/asanb.noblogs.org\/files\/2023\/11\/Snapinsta.app_406419139_18007363934144194_3038952986842081458_n_1080.jpg\" alt=\"\" width=\"1080\" height=\"1349\" \/><\/p>\n<p><strong>\ud83d\udca5Sonntag 10.12.2023\ud83d\udca5<\/strong><\/p>\n<p>wir berichten am Sonntag #b1012 <strong>ab 13:00 Uhr <\/strong>von der Demonstration<\/p>\n<div class=\"entry-content\">\n<p><strong>\ud83d\udd25Keine Waffen f\u00fcr Genozid!\ud83d\udd25<\/strong><\/p>\n<p><strong>Sonntag, 10.12.2023 | 13:00 Uhr | Wilhelmstra\u00dfe 140, 10963 Berlin<\/strong><\/p>\n<p><strong>Anreise: U1, U3, U6, Bus 248 Hallesches Tor | M41 Willy-Brandt-Haus | U7 M\u00f6ckernbr\u00fccke | S1, S2, S25, S26 Anhalter Bahnhof<\/strong><\/p>\n<p>\ud83d\udce3 Aufruf: <a href=\"https:\/\/www.instagram.com\/p\/C0RsSx6sKKe\/\" target=\"_blank\" rel=\"noopener\">https:\/\/www.instagram.com\/p\/C0RsSx6sKKe\/<\/a><\/p>\n<p>Web-Ticker:\u00a0<a href=\"https:\/\/berlin.demoticker.org\/\" target=\"_blank\" rel=\"noopener\">https:\/\/berlin.demoticker.org<\/a><br \/>\nMastodon:\u00a0@<a href=\"https:\/\/todon.eu\/@Demo_Ticker_Berlin\" target=\"_blank\" rel=\"noopener\">Demo_Ticker_Berlin@todon.eu<\/a><br \/>\nTelegram Ticker:\u00a0<a href=\"https:\/\/t.me\/demotickerberlin\" target=\"_blank\" rel=\"noopener\">https:\/\/t.me\/demotickerberlin<\/a><br \/>\nHashtags: <span style=\"font-size: 1rem\">#b1012 #StopGenocide<\/span><\/p>\n<\/div>\n<p>\ud83d\uddfa\ufe0f\u00a0<strong>Voraussichtliche Route:<\/strong><\/p>\n<ul>\n<li>Wilhelmstra\u00dfe (Noske Haus)<\/li>\n<li>Wilhelmstra\u00dfe<\/li>\n<li>Ecke Leipziger Stra\u00dfe (ZK BMF)<\/li>\n<li>Leipziger Stra\u00dfe<\/li>\n<li>Friedrichstra\u00dfe<\/li>\n<li>Unter den Linden<\/li>\n<li>Lustgarten<\/li>\n<\/ul>\n<p><strong>Wir sind alle Pal\u00e4stina &#8211; jeden Tag, standhaft, mit erhobenem Kopf, bis es Freiheit, W\u00fcrde und R\u00fcckkehr f\u00fcr das pal\u00e4stinensische Volk gibt.<\/strong><\/p>\n<p><strong>KEINE WAFFEN F\u00dcR GENOZID. <\/strong><\/p>\n<p><strong>KEINE PROFITE AUF DEN NACKEN VON LEID ELEND UND AUSBEUTUNG\u203c\ufe0f<\/strong><\/p>\n<p>Yallah kommt vorbei, zur Zeit passiert viel, Veranstaltungen, Demos, Abfuck, jeden Tag Horror Bilder aus Gaza, der West Bank, Jerusalem &#8211; und das wissen wir &#8211; aber \u00fcberall brauchen wir euch in Bewegung und auf der Stra\u00dfe. <strong>ZUSAMMEN.<\/strong><\/p>\n<p>Online laut sein feine Sache, \u00fcbersetzt das in mehr Emp\u00f6rung und Aktion!<\/p>\n<p>Es herrscht ein massives Klima der Hetze, Kriminalisierung und Einsch\u00fcchterung gerade.<\/p>\n<p>Leute haben teilweise Angst Demoposter in ihre L\u00e4den zu h\u00e4ngen, weil sie Vermieter haben, die sich von einem #freepalestine in ihre deutschen \u00dcberlegenheit gest\u00f6rt f\u00fchlen oder straight up Zionisten sind.<\/p>\n<p>Leute verlieren Jobs, Androhung zur Abschiebung, das ist alles real und zeigt das Gesicht von diesem Land und dieser Gesellschaft hier grad akut.<\/p>\n<p><strong> Ihr seid m\u00fcde ? F\u00fchlen wir. Zusammen stark, statt alleine hoffnungslos. YALLAH.<\/strong><\/p>\n","protected":false},"excerpt":{"rendered":"<p>\ud83d\udca5Sonntag 10.12.2023\ud83d\udca5 wir berichten am Sonntag #b1012 ab 13:00 Uhr von der Demonstration \ud83d\udd25Keine Waffen f\u00fcr Genozid!\ud83d\udd25 Sonntag, 10.12.2023 | 13:00 Uhr | Wilhelmstra\u00dfe 140, 10963 Berlin Anreise: U1, U3, U6, Bus 248 Hallesches Tor | M41 Willy-Brandt-Haus | U7 M\u00f6ckernbr\u00fccke | S1, S2, S25, S26 Anhalter Bahnhof \ud83d\udce3 Aufruf: https:\/\/www.instagram.com\/p\/C0RsSx6sKKe\/ Web-Ticker:\u00a0https:\/\/berlin.demoticker.org Mastodon:\u00a0@Demo_Ticker_Berlin@todon.eu Telegram Ticker:\u00a0https:\/\/t.me\/demotickerberlin &hellip; <\/p>\n<p class=\"link-more\"><a href=\"https:\/\/demotickerberlin.noblogs.org\/?p=3216\" class=\"more-link\"><span class=\"screen-reader-text\">\u201eKeine Waffen f\u00fcr Genozid! (10.12.2023)\u201c <\/span>weiterlesen<\/a><\/p>\n","protected":false},"author":13687,"featured_media":0,"comment_status":"closed","ping_status":"closed","sticky":false,"template":"","format":"aside","meta":{"footnotes":""},"categories":[14],"tags":[148,149],"class_list":["post-3216","post","type-post","status-publish","format-aside","hentry","category-antirassismus","tag-b1012","tag-stopgenocide","post_format-post-format-aside"],"_links":{"self":[{"href":"https:\/\/demotickerberlin.noblogs.org\/index.php?rest_route=\/wp\/v2\/posts\/3216","targetHints":{"allow":["GET"]}}],"collection":[{"href":"https:\/\/demotickerberlin.noblogs.org\/index.php?rest_route=\/wp\/v2\/posts"}],"about":[{"href":"https:\/\/demotickerberlin.noblogs.org\/index.php?rest_route=\/wp\/v2\/types\/post"}],"author":[{"embeddable":true,"href":"https:\/\/demotickerberlin.noblogs.org\/index.php?rest_route=\/wp\/v2\/users\/13687"}],"replies":[{"embeddable":true,"href":"https:\/\/demotickerberlin.noblogs.org\/index.php?rest_route=%2Fwp%2Fv2%2Fcomments&post=3216"}],"version-history":[{"count":3,"href":"https:\/\/demotickerberlin.noblogs.org\/index.php?rest_route=\/wp\/v2\/posts\/3216\/revisions"}],"predecessor-version":[{"id":3223,"href":"https:\/\/demotickerberlin.noblogs.org\/index.php?rest_route=\/wp\/v2\/posts\/3216\/revisions\/3223"}],"wp:attachment":[{"href":"https:\/\/demotickerberlin.noblogs.org\/index.php?rest_route=%2Fwp%2Fv2%2Fmedia&parent=3216"}],"wp:term":[{"taxonomy":"category","embeddable":true,"href":"https:\/\/demotickerberlin.noblogs.org\/index.php?rest_route=%2Fwp%2Fv2%2Fcategories&post=3216"},{"taxonomy":"post_tag","embeddable":true,"href":"https:\/\/demotickerberlin.noblogs.org\/index.php?rest_route=%2Fwp%2Fv2%2Ftags&post=3216"}],"curies":[{"name":"wp","href":"https:\/\/api.w.org\/{rel}","templated":true}]}}