{"id":3221,"date":"2023-12-06T18:56:25","date_gmt":"2023-12-06T17:56:25","guid":{"rendered":"https:\/\/demotickerberlin.noblogs.org\/?p=3221"},"modified":"2023-12-06T18:56:25","modified_gmt":"2023-12-06T17:56:25","slug":"right-to-move-right-to-stay-13-12-2023","status":"publish","type":"post","link":"https:\/\/demotickerberlin.noblogs.org\/?p=3221","title":{"rendered":"Right to move &#8211; Right to stay! (13.12.2023)"},"content":{"rendered":"<p><img loading=\"lazy\" decoding=\"async\" class=\"alignnone size-full wp-image-6368\" src=\"https:\/\/asanb.noblogs.org\/files\/2023\/10\/b1312_1_1.jpg\" alt=\"\" width=\"1080\" height=\"1080\" \/><\/p>\n<p><strong>\ud83d\udca5Mittwoch 13.12.2023\ud83d\udca5<\/strong><\/p>\n<p>wir berichten am Mittwoch #b1312 <strong>ab 18:00 Uhr <\/strong>von der Demonstration<\/p>\n<div class=\"entry-content\">\n<p><strong>\ud83d\udd25Right to move &#8211; Right to stay!\ud83d\udd25<\/strong><\/p>\n<p><strong>Mittwoch, 13.12.2023 | 18:00 Uhr | Potsdamer Platz, 10117 Berlin<\/strong><\/p>\n<p><strong>Anreise: U2, S1, S2, S25, S26, Bus M41\u00a0 Potsdamer Platz<\/strong><\/p>\n<p>\ud83d\udce3 Aufruf: https:\/\/www.instagram.com\/p\/CzBf9WUsU4m\/<\/p>\n<p>Web-Ticker:\u00a0<a href=\"https:\/\/berlin.demoticker.org\/\" target=\"_blank\" rel=\"noopener\">https:\/\/berlin.demoticker.org<\/a><br \/>\nMastodon:\u00a0@<a href=\"https:\/\/todon.eu\/@Demo_Ticker_Berlin\" target=\"_blank\" rel=\"noopener\">Demo_Ticker_Berlin@todon.eu<\/a><br \/>\nTelegram Ticker:\u00a0<a href=\"https:\/\/t.me\/demotickerberlin\" target=\"_blank\" rel=\"noopener\">https:\/\/t.me\/demotickerberlin<\/a><br \/>\nHashtags: #b1312 #AbolishFrontex!<\/p>\n<\/div>\n<p>\ud83d\uddfa\ufe0f\u00a0<strong>Voraussichtliche Route:<\/strong><\/p>\n<ul>\n<li>Potsdamer Platz<\/li>\n<li>Potsdamer Stra\u00dfe<\/li>\n<li>Reichpietschufer<\/li>\n<li>Stauffenbergstra\u00dfe<\/li>\n<li>Tiergartenstra\u00dfe<\/li>\n<li>Hiroshimastra\u00dfe<\/li>\n<li>Hellenischen Republik Griechenland (ZK)<\/li>\n<li>Reichpietschufer<\/li>\n<li>Von-der-Heydt- Stra\u00dfe<\/li>\n<li>Klingelh\u00f6ferstra\u00dfe \/ Corneliusstra\u00dfe (ZK)<\/li>\n<li>Klingelh\u00f6ferstra\u00dfe<\/li>\n<li>L\u00fctzowplatz<\/li>\n<li>Schillstra\u00dfe<\/li>\n<li>An der Urania<\/li>\n<li>Kleiststra\u00dfe<\/li>\n<li>Wittenbergplatz<\/li>\n<li>Tauentzienstra\u00dfe<\/li>\n<li>Kurf\u00fcrstendamm<\/li>\n<li>Joachimsthaler Stra\u00dfe<\/li>\n<li>Hardenbergstra\u00dfe<\/li>\n<li>Hardenbergstra\u00dfe 20 (EK)<\/li>\n<\/ul>\n<p>Liebe Freund*innen, liebe Genoss*innen, liebe Mitstreitende,<\/p>\n<p>mit der geplanten Asylreform demaskiert die Bundesregierung erneut ihre herzlose Gestalt. Mit der faschistischen Erz\u00e4hlung von der Notwendigkeit des Schutzes der eigenen Bev\u00f6lkerung vor den sogenannten \u201eAnderen\u201c verschleiert sie ein Vorhaben, das sich als sch\u00e4rfste und unmenschlichste Asylreform seit 30 Jahren herausstellt.<\/p>\n<p>Mit der geplanten Ver\u00e4nderung des gemeinsamen Europ\u00e4ischen Asylsystems (GEAS) werden grundlegende Menschenrechte, sowie der von der Genfer Fl\u00fcchtlingskonvention beschlossene notwendige Schutz von Fl\u00fcchtlingen, abgeschafft.<\/p>\n<p><strong>Der Asylkompromiss 2.0. <\/strong><\/p>\n<p>Am 08.06.2023 einigten sich die Europ\u00e4ischen Innenminister*innen auf eine skrupellose Versch\u00e4rfung des Asylrechts: In Zukunft soll an den EU Au\u00dfengrenzen in sog. Asylzentren gepr\u00fcft werden, ob schutzsuchende Menschen ein regul\u00e4res Asylverfahren in der EU erhalten.<\/p>\n<p>Diese Pr\u00fcfung erfolgt unter Bedingungen, die kaum von einer Haft zu unterscheiden sind. Dass in den Asylzentren &#8211; besser gesagt Grenzkn\u00e4sten &#8211; eine individuelle \u00dcberpr\u00fcfung der Fluchtursachen gegeben sein wird, ist kaum absehbar und geht radikal gegen das Menschenrecht auf Asyl.<\/p>\n<p>Schon der Asylkompromiss 1.0, der 1993 in Deutschland beschlossen wurde, machte die rassistische Grenzpolitik Deutschlands deutlich.<\/p>\n<p>Die regierenden Parteien CDU\/CSU und SPD f\u00fchrten die rassistisch motivierten Taten der Baseballschl\u00e4gerjahre nicht auf ein Rassismus und Neonazi Problem Deutschlands, sondern der \u201ehohen\u201c Zahl von Asylbewerber*innen zur\u00fcck; Deswegen war ihre Reaktion auf politischer Ebene, das Asylrecht einzuschr\u00e4nken und im Zuge dessen die Drittstaatenregelung und das Prinzip der \u201esicheren\u201c Herkunftsstaaten zu beschlie\u00dfen.<\/p>\n<p><strong>Der Asylkompromiss 2.0 hebt diese rechte Grenzpolitik auf ein neues Level.<\/strong><\/p>\n<p><strong>Warum am 13.12.2023?<\/strong><\/p>\n<p>Die militarisierte Politik der Festung Europa hat seit 1993 \u00fcber 40.555 Menschen get\u00f6tet. Ertrunken im Mittelmeer, erschossen an den Grenzen, gestorben durch Selbstmord in Lagern, gefoltert und get\u00f6tet nach der Abschiebung &#8211; die EU hat Blut an ihren H\u00e4nden. (Zitat aus den Forderungen von \u201eAbolish Frontex\u201c)<\/p>\n<p>Die an den EU-Au\u00dfengrenzen stationierte militarisierte Agentur Frontex ist zwar keine nationale Polizeibeh\u00f6rde, arbeitet allerdings eng mit nationalen Polizeibeh\u00f6rden und anderen Sicherheitskr\u00e4ften zusammen. Die Zusammenarbeit umfasst den Austausch von Informationen, die gemeinsame Planung und Durchf\u00fchrung von Operationen sowie die <strong>U<\/strong>nterst\u00fctzung bei der Ausbildung von Grenzschutzbeamt*innen.<\/p>\n<p>Auch wenn Frontex direkt der Europ\u00e4ischen Kommission untersteht und somit von keiner spezifischen nationalen Beh\u00f6rde geleitet wird, ist klar, dass die nationalen Polizei- und Grenzschutzbeh\u00f6rden der jeweiligen EU-Mitgliedstaaten einen gro\u00dfen Teil von Frontex st\u00fctzen.<\/p>\n<p>Deutsche Polizeibeamt*innen, die an Frontex-Operationen teilnehmen, k\u00f6nnen Beamte der Bundespolizei, Landespolizei oder anderen spezialisierten Polizeieinheiten sein, die f\u00fcr grenzpolizeiliche Aufgaben geschult wurden. Illegale Pushbacks und Pullbacks sowie die Verhinderung der zivilen Seenotrettung stehen auf der Tagesordnung der Mitarbeiter*innen von Frontex.<\/p>\n<p>Deshalb haben wir uns dazu entschieden, die Demonstration am 13.12. stattfinden zu lassen, denn die Abschaffung und \u00dcberwindung polizeilicher Machtstrukturen bedeutet auch, Frontex abzuschaffen und zu \u00fcberwinden.<\/p>\n<p><strong>Das Konzept der Grenze<\/strong><\/p>\n<p>L\u00e4ndergrenzen richten sich in der heutigen Zeit nicht nach nat\u00fcrlichen Begebenheiten, sondern sind ein Konstrukt der Menschen, das erschaffen wurde, um Herrschafftsterritorien zu kennzeichnen. Die Grenzen, die wir heutzutage kennen, sind vor allem durch kolonialistische Unterdr\u00fcckung und kriegerische Auseinandersetzungen entstanden.<\/p>\n<p>Gebietsanspr\u00fcche und damit einhergehende territoriale Streitigkeiten sind auch heute noch teilweise Ausl\u00f6ser f\u00fcr Kriege.<\/p>\n<p>Grenzen sind ein menschliches Konstrukt, das gesellschaftlich noch nie etwas Gutes bewirkt hat, sondern schon immer ein Vorwand der Herrschenden f\u00fcr Faschismus, Imperialismus und Krieg war und deswegen abgeschafft werden muss.<\/p>\n<p>Komm mit uns auf die Stra\u00dfe, um laut und deutlich zu zeigen, dass wir diese rassistische, brutale und menschenverachtende Grenzpolitik, die den extremen Rechtsruck der EU deutlich macht, nicht zulassen werden!<\/p>\n<p><strong> Gemeinsam gegen Rassismus, Nationalismus und Faschismus am 13.12.2023 um 18Uhr auf dem Potsdamer Platz.<\/strong><\/p>\n<p><strong>Lasst uns gemeinsam w\u00fctend sein! <\/strong><\/p>\n<p><strong>Zeigen wir der Bundesregierung, dass wir den Asylkompromiss 2.0 und ihre m\u00f6rderische Asylpolitik nicht akzeptieren!<\/strong><\/p>\n","protected":false},"excerpt":{"rendered":"<p>\ud83d\udca5Mittwoch 13.12.2023\ud83d\udca5 wir berichten am Mittwoch #b1312 ab 18:00 Uhr von der Demonstration \ud83d\udd25Right to move &#8211; Right to stay!\ud83d\udd25 Mittwoch, 13.12.2023 | 18:00 Uhr | Potsdamer Platz, 10117 Berlin Anreise: U2, S1, S2, S25, S26, Bus M41\u00a0 Potsdamer Platz \ud83d\udce3 Aufruf: https:\/\/www.instagram.com\/p\/CzBf9WUsU4m\/ Web-Ticker:\u00a0https:\/\/berlin.demoticker.org Mastodon:\u00a0@Demo_Ticker_Berlin@todon.eu Telegram Ticker:\u00a0https:\/\/t.me\/demotickerberlin Hashtags: #b1312 #AbolishFrontex! \ud83d\uddfa\ufe0f\u00a0Voraussichtliche Route: Potsdamer Platz Potsdamer &hellip; <\/p>\n<p class=\"link-more\"><a href=\"https:\/\/demotickerberlin.noblogs.org\/?p=3221\" class=\"more-link\"><span class=\"screen-reader-text\">\u201eRight to move &#8211; Right to stay! (13.12.2023)\u201c <\/span>weiterlesen<\/a><\/p>\n","protected":false},"author":13687,"featured_media":0,"comment_status":"closed","ping_status":"closed","sticky":false,"template":"","format":"aside","meta":{"footnotes":""},"categories":[11,14],"tags":[151,150],"class_list":["post-3221","post","type-post","status-publish","format-aside","hentry","category-antirep","category-antirassismus","tag-abolishfrontex","tag-b1312","post_format-post-format-aside"],"_links":{"self":[{"href":"https:\/\/demotickerberlin.noblogs.org\/index.php?rest_route=\/wp\/v2\/posts\/3221","targetHints":{"allow":["GET"]}}],"collection":[{"href":"https:\/\/demotickerberlin.noblogs.org\/index.php?rest_route=\/wp\/v2\/posts"}],"about":[{"href":"https:\/\/demotickerberlin.noblogs.org\/index.php?rest_route=\/wp\/v2\/types\/post"}],"author":[{"embeddable":true,"href":"https:\/\/demotickerberlin.noblogs.org\/index.php?rest_route=\/wp\/v2\/users\/13687"}],"replies":[{"embeddable":true,"href":"https:\/\/demotickerberlin.noblogs.org\/index.php?rest_route=%2Fwp%2Fv2%2Fcomments&post=3221"}],"version-history":[{"count":1,"href":"https:\/\/demotickerberlin.noblogs.org\/index.php?rest_route=\/wp\/v2\/posts\/3221\/revisions"}],"predecessor-version":[{"id":3222,"href":"https:\/\/demotickerberlin.noblogs.org\/index.php?rest_route=\/wp\/v2\/posts\/3221\/revisions\/3222"}],"wp:attachment":[{"href":"https:\/\/demotickerberlin.noblogs.org\/index.php?rest_route=%2Fwp%2Fv2%2Fmedia&parent=3221"}],"wp:term":[{"taxonomy":"category","embeddable":true,"href":"https:\/\/demotickerberlin.noblogs.org\/index.php?rest_route=%2Fwp%2Fv2%2Fcategories&post=3221"},{"taxonomy":"post_tag","embeddable":true,"href":"https:\/\/demotickerberlin.noblogs.org\/index.php?rest_route=%2Fwp%2Fv2%2Ftags&post=3221"}],"curies":[{"name":"wp","href":"https:\/\/api.w.org\/{rel}","templated":true}]}}