{"id":3224,"date":"2023-12-11T17:55:28","date_gmt":"2023-12-11T16:55:28","guid":{"rendered":"https:\/\/demotickerberlin.noblogs.org\/?p=3224"},"modified":"2023-12-11T17:56:15","modified_gmt":"2023-12-11T16:56:15","slug":"ueberall-bueros-nirgendwo-sozialer-raum","status":"publish","type":"post","link":"https:\/\/demotickerberlin.noblogs.org\/?p=3224","title":{"rendered":"\u00dcberall B\u00fcros, nirgendwo sozialer Raum! (16.12.2023)"},"content":{"rendered":"<p><img loading=\"lazy\" decoding=\"async\" class=\"alignnone size-full wp-image-6542\" src=\"https:\/\/asanb.noblogs.org\/files\/2023\/12\/b1612_1_1.jpg\" alt=\"\" width=\"1454\" height=\"2048\" \/><\/p>\n<p><strong>\ud83d\udca5Samstag 16.12.2023\ud83d\udca5<\/strong><\/p>\n<p>wir berichten am Samstag #b1612 <strong>ab 18:00 Uhr\u00a0<\/strong>von der Demonstration<\/p>\n<div class=\"entry-content\">\n<p><strong>\ud83d\udd25\u00dcberall B\u00fcros, nirgendwo sozialer Raum!\ud83d\udd25<\/strong><\/p>\n<p><strong>Samstag, 16.12.2023 | 18:00 Uhr | Persiusstra\u00dfe 11, 10245Berlin<\/strong><\/p>\n<p><strong>Anreise: Bus 194, 347 Markgrafendamm | S3, S5, S7, S8, S9, S41, S42, S75, S85, Bus M43 S-Bhf\u00a0 Ostkreuz<\/strong><\/p>\n<p>\ud83d\udce3 Aufruf: <a href=\"https:\/\/www.zukunft-ostkreuz.de\/\" target=\"_blank\" rel=\"noopener\">https:\/\/laskerkiez.noblogs.org\/post\/2023\/11\/29\/demonstration-ueberall-bueros-nirgendwo-sozialer-raum\/<\/a><\/p>\n<p>Web-Ticker:\u00a0<a href=\"https:\/\/berlin.demoticker.org\/\" target=\"_blank\" rel=\"noopener\">https:\/\/berlin.demoticker.org<\/a><br \/>\nMastodon:\u00a0@<a href=\"https:\/\/todon.eu\/@Demo_Ticker_Berlin\" target=\"_blank\" rel=\"noopener\">Demo_Ticker_Berlin@todon.eu<\/a><br \/>\nTelegram Ticker:\u00a0<a href=\"https:\/\/t.me\/demotickerberlin\" target=\"_blank\" rel=\"noopener\">https:\/\/t.me\/demotickerberlin<\/a><br \/>\nHashtags: #b1612 <span class=\"r-18u37iz\">#LaskerkiezBleibt<\/span><span class=\"css-1qaijid r-bcqeeo r-qvutc0 r-poiln3\">!<\/span><\/p>\n<\/div>\n<p>\ud83d\uddfa\ufe0f\u00a0<strong>Voraussichtliche Route:<\/strong><\/p>\n<ul>\n<li>Persiusstra\u00dfe 11<\/li>\n<li>Markgrafendamm<\/li>\n<li>Markgrafendamm 6 (ZK)<\/li>\n<li>Corinthstra\u00dfe<\/li>\n<li>Corinthstra\u00dfe 50 (ZK)<\/li>\n<li>Corinthstra\u00dfe<\/li>\n<li>Am Rudolfplatz<\/li>\n<li>Am Rudolfplatz\/Modersohnstra\u00dfe (ZK)<\/li>\n<li>Danneckerstra\u00dfe<\/li>\n<li>Rudolfstra\u00dfe<\/li>\n<li>Modersohnstr<\/li>\n<li>Stralauer Allee<\/li>\n<li>Alt-Stralau 68<\/li>\n<\/ul>\n<p>Demo gegen Gentrifizierung: 16. Dezember 2023 \u2013 18:00 Uhr \u2013 Persiusstra\u00dfe 11, 10245, im Anschluss: Winterfest 20:00 Uhr in der neuen\u00a0<a href=\"https:\/\/www.zukunft-ostkreuz.de\/\" target=\"_blank\" rel=\"noopener\">Zukunft am Ostkreuz<\/a>\u00a0(Alt-Stralau 68)<\/p>\n<p><strong>\u00dcberall B\u00fcros, nirgendwo Gerechtigkeit!<\/strong><\/p>\n<p>Seit dem Jahr 2021 sieht sich der Friedrichshainer Laskerkiez einer massiven Gentrifizierungswelle ausgesetzt, die seinesgleichen sucht.<\/p>\n<p>Zur Erinnerung: 2021 k\u00fcndigte der K\u00f6lner Immobilieninvestor Pandion sein gro\u00dfspuriges Projekt eines Ostkreuz Campus an. Es folgten weitere Luxusbauprojekte von Trockland (Alaska), \u201eThe FIZZ\u201c von International Campus, die \u201eDockyard Waterfront Offices\u201c an der Spree und Axis Offices der Streletzki Gruppe am Ostkreuz.<\/p>\n<p>Wie sich also erkennen l\u00e4sst, geht die Tendenz der Investor*innen und Unternehmen hier klar in eine Richtung: B\u00fcroraum soll es werden, der hier die Anwohner*innen und alteingesessene Kiezinstitutionen gnadenlos verdr\u00e4ngt.<\/p>\n<p>Wichtige Institutionen in unserer Nachbarschaft sind bedroht oder mussten uns in diesem Jahr bereits verlassen, erinnert sei hier an den Postsp\u00e4ti \u201eFilmfreund\u201c an der Corinthstra\u00dfe 50. Seit nun knapp einem halben Jahr ist der Laden leer und die Nutzung der nachbarschaftlichen Treffpunkte an der Ecke Corinthstra\u00dfe\/B\u00f6dikerstra\u00dfe hat nachgelassen. So kommt ein nachbarschaftlicher und lebenswerter Kiez zum Erliegen. Im Internet wird der Postsp\u00e4ti u.a. als \u201eB\u00fcrofl\u00e4che\u201c angeboten, auf einen Sp\u00e4ti oder einen Imbiss m\u00f6chte sich der Eigent\u00fcmer Friedrich G. Hoepfner partout nicht einlassen.<\/p>\n<p>Der Laskerkiez ist dabei ein Sinnbild f\u00fcr einen Kiez der von der Politik jahrelang dem freien Markt \u00fcberlassen wurde. Jede*r konnte sich mit Geld ein St\u00fcckchen holen und kaufen, nun m\u00fcssen wir als Bewohner*innen ausbaden was gro\u00dfe Unternehmen mit uns und unserer Nachbarschaft vorhaben.<\/p>\n<p><span class=\"author-a-z75zvz89zyz80z4z89z9j7z73zmz80zz68zpz70z\">Der Kiez wird voller:\u00a0<\/span><span class=\"author-a-fseb8z68z2z77zz66zgrngpz77zz89z\">Viele Menschen ziehen neu in unseren Kiez, viele weitere werden hier bald zum Arbeiten zu den unz\u00e4hligen B\u00fcros pilgern.<\/span>\u00a0Es fehlt allerdings massiv an Infrastruktur f\u00fcr ein Kennenlernen, Begegnen und Vernetzen. Die wenigen Projekte hier im Kiez wie das Nachbarschaftszentrum Rudi und die \u201eZukunft am Ostkreuz\u201c, f\u00fcr deren Erhalt bzw. Weiterbetrieb wir hart k\u00e4mpfen mussten (mit Erfolg), reichen bei Weitem nicht aus.<\/p>\n<p><strong>Daher fordern wir mehr sozialen Raum!<\/strong><\/p>\n<p>Jede freie Gewerbefl\u00e4che in unserem Kiez, und davon gibt es aktuell so einige, geht an irgendein shady-business oder B\u00fcroprojekt. <strong>Uns reichts!<\/strong><\/p>\n<p>Dieser Kiez war einst lebenswert und im Gegensatz zu vielen anderen Gegenden Berlins wo man nur noch nebeneinanderher lebt, bildete der Laskerkiez eine gem\u00fctliche Ausnahme.<\/p>\n<p>Nun soll dem Kiez nach und nach Sargnagel f\u00fcr Sargnagel verpasst werden. Das d\u00fcrfen wir nicht zulassen. Als Nachbarschaftsinitiative haben wir uns immer f\u00fcr den Erhalt von Kiezkultur und einem Miteinander eingesetzt. Wir stehen gegen ein Berlin der Investoren und des Kapitals. Wir m\u00fcssen uns weiter vernetzen, Kennenlernen, unsere Forderungen und unsere Bed\u00fcrfnisse in die \u00d6ffentlichkeit tragen und massiv gegen die Gentrifizierung und ihre Helfershelfer*innen in Politik und Verwaltung k\u00e4mpfen.<\/p>\n<p>Darum ist unsere Demo ein weiterer Schritt zu einem \u201eKiez von Unten\u201c \u2013 Schlie\u00dft euch an, die Demonstration wird in der neuen Zukunft am Ostkreuz (Alt Stralau 68) enden, wo wir ein gemeinsames Winterfest feiern wollen. Dort besteht Raum zum weiteren Vernetzen, Kennenlerne, f\u00fcr Karaoke, Pl\u00e4tzchen und literweise Gl\u00fchwein.<\/p>\n<p><strong>Wir sehen uns auf der Stra\u00dfe und beim Winterfest!\u00a0<span class=\"author-a-fseb8z68z2z77zz66zgrngpz77zz89z i\"><i>See you on the Streets\u00a0<\/i><\/span><span class=\"author-a-z90zmz75z4z65ziokyz87zz66zgz75zz79zoa i\"><i>in<\/i><\/span><span class=\"author-a-fseb8z68z2z77zz66zgrngpz77zz89z i\"><i>\u00a0our Laskerkiez!<\/i><\/span><span class=\"author-a-z75zvz89zyz80z4z89z9j7z73zmz80zz68zpz70z i\"><i>\u00a0<\/i><\/span><\/strong><\/p>\n<p>Die Laskerkiez-Initaitive w\u00fcnscht euch allen ein beschauliches Winterfest.<\/p>\n","protected":false},"excerpt":{"rendered":"<p>\ud83d\udca5Samstag 16.12.2023\ud83d\udca5 wir berichten am Samstag #b1612 ab 18:00 Uhr\u00a0von der Demonstration \ud83d\udd25\u00dcberall B\u00fcros, nirgendwo sozialer Raum!\ud83d\udd25 Samstag, 16.12.2023 | 18:00 Uhr | Persiusstra\u00dfe 11, 10245Berlin Anreise: Bus 194, 347 Markgrafendamm | S3, S5, S7, S8, S9, S41, S42, S75, S85, Bus M43 S-Bhf\u00a0 Ostkreuz \ud83d\udce3 Aufruf: https:\/\/laskerkiez.noblogs.org\/post\/2023\/11\/29\/demonstration-ueberall-bueros-nirgendwo-sozialer-raum\/ Web-Ticker:\u00a0https:\/\/berlin.demoticker.org Mastodon:\u00a0@Demo_Ticker_Berlin@todon.eu Telegram Ticker:\u00a0https:\/\/t.me\/demotickerberlin Hashtags: #b1612 #LaskerkiezBleibt! &hellip; <\/p>\n<p class=\"link-more\"><a href=\"https:\/\/demotickerberlin.noblogs.org\/?p=3224\" class=\"more-link\"><span class=\"screen-reader-text\">\u201e\u00dcberall B\u00fcros, nirgendwo sozialer Raum! (16.12.2023)\u201c <\/span>weiterlesen<\/a><\/p>\n","protected":false},"author":13687,"featured_media":0,"comment_status":"closed","ping_status":"closed","sticky":false,"template":"","format":"aside","meta":{"footnotes":""},"categories":[16],"tags":[152,153],"class_list":["post-3224","post","type-post","status-publish","format-aside","hentry","category-gentrifizierung","tag-b1612","tag-laskerkiezbleibt","post_format-post-format-aside"],"_links":{"self":[{"href":"https:\/\/demotickerberlin.noblogs.org\/index.php?rest_route=\/wp\/v2\/posts\/3224","targetHints":{"allow":["GET"]}}],"collection":[{"href":"https:\/\/demotickerberlin.noblogs.org\/index.php?rest_route=\/wp\/v2\/posts"}],"about":[{"href":"https:\/\/demotickerberlin.noblogs.org\/index.php?rest_route=\/wp\/v2\/types\/post"}],"author":[{"embeddable":true,"href":"https:\/\/demotickerberlin.noblogs.org\/index.php?rest_route=\/wp\/v2\/users\/13687"}],"replies":[{"embeddable":true,"href":"https:\/\/demotickerberlin.noblogs.org\/index.php?rest_route=%2Fwp%2Fv2%2Fcomments&post=3224"}],"version-history":[{"count":2,"href":"https:\/\/demotickerberlin.noblogs.org\/index.php?rest_route=\/wp\/v2\/posts\/3224\/revisions"}],"predecessor-version":[{"id":3226,"href":"https:\/\/demotickerberlin.noblogs.org\/index.php?rest_route=\/wp\/v2\/posts\/3224\/revisions\/3226"}],"wp:attachment":[{"href":"https:\/\/demotickerberlin.noblogs.org\/index.php?rest_route=%2Fwp%2Fv2%2Fmedia&parent=3224"}],"wp:term":[{"taxonomy":"category","embeddable":true,"href":"https:\/\/demotickerberlin.noblogs.org\/index.php?rest_route=%2Fwp%2Fv2%2Fcategories&post=3224"},{"taxonomy":"post_tag","embeddable":true,"href":"https:\/\/demotickerberlin.noblogs.org\/index.php?rest_route=%2Fwp%2Fv2%2Ftags&post=3224"}],"curies":[{"name":"wp","href":"https:\/\/api.w.org\/{rel}","templated":true}]}}