{"id":3227,"date":"2023-12-17T01:00:39","date_gmt":"2023-12-17T00:00:39","guid":{"rendered":"https:\/\/demotickerberlin.noblogs.org\/?p=3227"},"modified":"2023-12-22T19:04:22","modified_gmt":"2023-12-22T18:04:22","slug":"solidaritaet-mit-palaestina-23-12-2023","status":"publish","type":"post","link":"https:\/\/demotickerberlin.noblogs.org\/?p=3227","title":{"rendered":"Solidarit\u00e4t mit Pal\u00e4stina! (23.12.2023)"},"content":{"rendered":"<p><img loading=\"lazy\" decoding=\"async\" class=\"alignnone size-full wp-image-6595\" src=\"https:\/\/asanb.noblogs.org\/files\/2023\/12\/b2312_1_1.jpg\" alt=\"\" width=\"1080\" height=\"1350\" \/><\/p>\n<p><strong>\ud83d\udca5Samstag 23.12.2023\ud83d\udca5<\/strong><\/p>\n<p>wir berichten am Samstag #b2312 <strong>ab 14:00 Uhr<\/strong> von der Demonstration<\/p>\n<p><strong>\ud83d\udd25Solidarit\u00e4t mit Pal\u00e4stina!\ud83d\udd25<\/strong><\/p>\n<p><strong>Samstag 23.12.2023 | 14:00 Uhr | Mehringplatz 10961 Berlin<\/strong><\/p>\n<p><strong>Anreise: U-Bhf Hallesches Tor U1, U3, U6, Bus 248, M41<\/strong><\/p>\n<p>\ud83d\udce3 Aufruf: <a href=\"https:\/\/www.instagram.com\/p\/C0y-8Z5MVyt\/\">https:\/\/www.instagram.com\/p\/C0y-8Z5MVyt\/<\/a><\/p>\n<p>Web-Ticker: <a href=\"https:\/\/todon.eu\/@Demo_Ticker_Berlin\" target=\"_blank\" rel=\"noopener\">https:\/\/berlin.demoticker.org<\/a><br \/>\nMastodon: <a href=\"https:\/\/todon.eu\/@Demo_Ticker_Berlin\" target=\"_blank\" rel=\"noopener\">@Demo_Ticker_Berlin@todon.eu<\/a><br \/>\nTelegram Ticker: <a href=\"https:\/\/todon.eu\/@Demo_Ticker_Berlin\" target=\"_blank\" rel=\"noopener\">https:\/\/t.me\/demotickerberlin<\/a><br \/>\nHashtags: #b2312 #FreePalestine<\/p>\n<p><strong>\ud83d\uddfa\ufe0f Voraussichtliche Route:<\/strong><\/p>\n<p><img loading=\"lazy\" decoding=\"async\" class=\"alignnone wp-image-3237 size-full\" src=\"https:\/\/demotickerberlin.noblogs.org\/files\/2023\/12\/Snapinsta.app_413925105_18216462031256576_8545014634491657317_n_1080.jpg\" alt=\"\" width=\"980\" height=\"995\" srcset=\"https:\/\/demotickerberlin.noblogs.org\/files\/2023\/12\/Snapinsta.app_413925105_18216462031256576_8545014634491657317_n_1080.jpg 980w, https:\/\/demotickerberlin.noblogs.org\/files\/2023\/12\/Snapinsta.app_413925105_18216462031256576_8545014634491657317_n_1080-295x300.jpg 295w, https:\/\/demotickerberlin.noblogs.org\/files\/2023\/12\/Snapinsta.app_413925105_18216462031256576_8545014634491657317_n_1080-768x780.jpg 768w\" sizes=\"auto, (max-width: 767px) 89vw, (max-width: 1000px) 54vw, (max-width: 1071px) 543px, 580px\" \/><\/p>\n<ul>\n<li>Mehringplatz<\/li>\n<li>Hallesches Ufer<\/li>\n<li>Wilhelmstra\u00dfe<\/li>\n<li>Kochstra\u00dfe<\/li>\n<li>Kochstra\u00dfe\/Friedrichstra\u00dfe (ZK)<\/li>\n<li>Friedrichstra\u00dfe<\/li>\n<li>Friedrichstra\u00dfe\/Unter den Linden (ZK)<\/li>\n<li>Unter den Linden<\/li>\n<li>Unter den Linden\/Wilhelmstra\u00dfe<\/li>\n<\/ul>\n<p>Bereits \u00fcber 24.000 unschuldige Menschen in Gaza wurden seit dem 7. Oktober von Israel get\u00f6tet. Wir stehen solidarisch an der Seite Pal\u00e4stinas und unsere Agenda ist klar:<\/p>\n<p><strong>Wir fordern die Freiheit f\u00fcr Pal\u00e4stina und treten entschieden gegen die israelischen Kriegsverbrechen und V\u00f6lkerrechtsverletzungen ein.<\/strong><\/p>\n<p><strong>Wir verurteilen entschieden die Verwendung von &#8222;importiertem Antisemitismus&#8220; als feige und gef\u00e4hrliche Ablenkungstaktik politischer Entscheidungstr\u00e4ger:innen, um sich aus ihrer eigenen Verantwortung zu ziehen und unsere berechtigten Proteste zu delegitimieren. <\/strong><\/p>\n<p>Anstatt den Dialog zu f\u00f6rdern, spalten viele Politiker:innen weiterhin. Sie sch\u00fcren \u00c4ngste, statt Br\u00fccken zu bauen.<\/p>\n<p>Wir rufen alle in ganz Deutschland auf:<\/p>\n<p><strong>Versammelt euch mit uns in Berlin und lasst uns gemeinsam laut sein.<\/strong><\/p>\n<p><strong>F\u00fcr Gerechtigkeit und Freiheit f\u00fcr Pal\u00e4stina.<\/strong><\/p>\n<p>Bringt eure Pal\u00e4stina Flaggen mit und schlie\u00dft euch unserem Protest an.<\/p>\n<h5><strong>WIR FORDERN<\/strong><\/h5>\n<ol>\n<li>Das sofortige Ende des\u00a0 Genozids gegen die Palestinenser*innen.<\/li>\n<li>Die bedingungslose \u00d6ffnung des Grenz\u00fcbergangs in Rafah f\u00fcr alle Arten humanit\u00e4rer Hilfe.<\/li>\n<li>Den sofortigen Stopp der Terrorma\u00dfnahmen bewaffneter Siedler in der Westbank.<\/li>\n<li>Des Ende des Besatzungsterrors, sowie Rechenschaftspflicht der Israelischen Regierung f\u00fcr ihre Kriegsverbrechen.<\/li>\n<li>Die Ausarbeitung eines gerechten Plans f\u00fcr einen nachhaltigen Frieden.<\/li>\n<li>Den Stopp der Waffenlieferungen und die Neupositionierung Deutschlands gem\u00e4\u00df der UN-Menschenrechtscharta.<\/li>\n<\/ol>\n<p><strong>\u26a0\ufe0f Wir untersagen ausdr\u00fccklich jede Form von Hass oder Diskriminierung w\u00e4hrend der Veranstaltung.<\/strong><\/p>\n","protected":false},"excerpt":{"rendered":"<p>\ud83d\udca5Samstag 23.12.2023\ud83d\udca5 wir berichten am Samstag #b2312 ab 14:00 Uhr von der Demonstration \ud83d\udd25Solidarit\u00e4t mit Pal\u00e4stina!\ud83d\udd25 Samstag 23.12.2023 | 14:00 Uhr | Mehringplatz 10961 Berlin Anreise: U-Bhf Hallesches Tor U1, U3, U6, Bus 248, M41 \ud83d\udce3 Aufruf: https:\/\/www.instagram.com\/p\/C0y-8Z5MVyt\/ Web-Ticker: https:\/\/berlin.demoticker.org Mastodon: @Demo_Ticker_Berlin@todon.eu Telegram Ticker: https:\/\/t.me\/demotickerberlin Hashtags: #b2312 #FreePalestine \ud83d\uddfa\ufe0f Voraussichtliche Route: Mehringplatz Hallesches Ufer Wilhelmstra\u00dfe &hellip; <\/p>\n<p class=\"link-more\"><a href=\"https:\/\/demotickerberlin.noblogs.org\/?p=3227\" class=\"more-link\"><span class=\"screen-reader-text\">\u201eSolidarit\u00e4t mit Pal\u00e4stina! (23.12.2023)\u201c <\/span>weiterlesen<\/a><\/p>\n","protected":false},"author":13687,"featured_media":0,"comment_status":"closed","ping_status":"closed","sticky":false,"template":"","format":"aside","meta":{"footnotes":""},"categories":[14],"tags":[155,143],"class_list":["post-3227","post","type-post","status-publish","format-aside","hentry","category-antirassismus","tag-b2312","tag-freepalestine","post_format-post-format-aside"],"_links":{"self":[{"href":"https:\/\/demotickerberlin.noblogs.org\/index.php?rest_route=\/wp\/v2\/posts\/3227","targetHints":{"allow":["GET"]}}],"collection":[{"href":"https:\/\/demotickerberlin.noblogs.org\/index.php?rest_route=\/wp\/v2\/posts"}],"about":[{"href":"https:\/\/demotickerberlin.noblogs.org\/index.php?rest_route=\/wp\/v2\/types\/post"}],"author":[{"embeddable":true,"href":"https:\/\/demotickerberlin.noblogs.org\/index.php?rest_route=\/wp\/v2\/users\/13687"}],"replies":[{"embeddable":true,"href":"https:\/\/demotickerberlin.noblogs.org\/index.php?rest_route=%2Fwp%2Fv2%2Fcomments&post=3227"}],"version-history":[{"count":3,"href":"https:\/\/demotickerberlin.noblogs.org\/index.php?rest_route=\/wp\/v2\/posts\/3227\/revisions"}],"predecessor-version":[{"id":3238,"href":"https:\/\/demotickerberlin.noblogs.org\/index.php?rest_route=\/wp\/v2\/posts\/3227\/revisions\/3238"}],"wp:attachment":[{"href":"https:\/\/demotickerberlin.noblogs.org\/index.php?rest_route=%2Fwp%2Fv2%2Fmedia&parent=3227"}],"wp:term":[{"taxonomy":"category","embeddable":true,"href":"https:\/\/demotickerberlin.noblogs.org\/index.php?rest_route=%2Fwp%2Fv2%2Fcategories&post=3227"},{"taxonomy":"post_tag","embeddable":true,"href":"https:\/\/demotickerberlin.noblogs.org\/index.php?rest_route=%2Fwp%2Fv2%2Ftags&post=3227"}],"curies":[{"name":"wp","href":"https:\/\/api.w.org\/{rel}","templated":true}]}}