{"id":3239,"date":"2023-12-18T15:00:49","date_gmt":"2023-12-18T14:00:49","guid":{"rendered":"https:\/\/demotickerberlin.noblogs.org\/?p=3239"},"modified":"2023-12-28T17:13:26","modified_gmt":"2023-12-28T16:13:26","slug":"solidaritaet-mit-palaestina","status":"publish","type":"post","link":"https:\/\/demotickerberlin.noblogs.org\/?p=3239","title":{"rendered":"Solidarit\u00e4t mit Pal\u00e4stina! (30.12.2023)"},"content":{"rendered":"<p>18<img loading=\"lazy\" decoding=\"async\" class=\"alignnone size-full wp-image-6622\" src=\"https:\/\/asanb.noblogs.org\/files\/2023\/12\/Snapinsta.app_415234199_18217150675256576_6966618327049991896_n_1080.jpg\" alt=\"\" width=\"843\" height=\"1054\" \/><\/p>\n<p><strong>\ud83d\udca5Samstag 30.12.2023\ud83d\udca5<\/strong><\/p>\n<p>wir berichten am Samstag #b3012 <strong>ab 14:00 Uhr<\/strong>\u00a0von der Demonstration<\/p>\n<p><strong>\ud83d\udd25Solidarit\u00e4t mit Pal\u00e4stina!\ud83d\udd25<\/strong><\/p>\n<p><strong>Samstag 30.12.2023 | 14:00 Uhr | Adenauerplatz, 10707 Berlin<\/strong><\/p>\n<p><strong>Anreise: U7, Bus 109, 110, M19, M29, X10<\/strong><\/p>\n<p>Aufruf: <a href=\"https:\/\/www.instagram.com\/p\/C1XQ5dBMJq8\/\" target=\"_blank\" rel=\"noopener\">https:\/\/www.instagram.com\/p\/C1XQ5dBMJq8\/<\/a><\/p>\n<p>Web-Ticker:\u00a0<a href=\"https:\/\/todon.eu\/@Demo_Ticker_Berlin\" target=\"_blank\" rel=\"noopener\">https:\/\/berlin.demoticker.org<\/a><br \/>\nMastodon:\u00a0<a href=\"https:\/\/todon.eu\/@Demo_Ticker_Berlin\" target=\"_blank\" rel=\"noopener\">@Demo_Ticker_Berlin@todon.eu<\/a><br \/>\nTelegram Ticker:\u00a0<a href=\"https:\/\/todon.eu\/@Demo_Ticker_Berlin\" target=\"_blank\" rel=\"noopener\">https:\/\/t.me\/demotickerberlin<\/a><br \/>\nHashtags: #b3012 #FreePalestine<\/p>\n<p><strong>\ud83d\uddfa\ufe0f Voraussichtliche Route:<\/strong><\/p>\n<ul>\n<li>Adenauerplatz<\/li>\n<li>Kurf\u00fcrstendamm<\/li>\n<li>Bleibtreustra\u00dfe<\/li>\n<li>Lietzenburger Stra\u00dfe<\/li>\n<li>Olivaer Platz<\/li>\n<\/ul>\n<p><strong>Keine Feiern w\u00e4hrend des V\u00f6lkermordes!<\/strong><\/p>\n<p><strong>Steht auf f\u00fcr Pal\u00e4stina!<\/strong><\/p>\n<hr \/>\n<p><img loading=\"lazy\" decoding=\"async\" class=\"alignnone wp-image-3240 size-full\" src=\"https:\/\/demotickerberlin.noblogs.org\/files\/2023\/12\/b3012_1_2.jpg\" alt=\"\" width=\"843\" height=\"1054\" srcset=\"https:\/\/demotickerberlin.noblogs.org\/files\/2023\/12\/b3012_1_2.jpg 843w, https:\/\/demotickerberlin.noblogs.org\/files\/2023\/12\/b3012_1_2-240x300.jpg 240w, https:\/\/demotickerberlin.noblogs.org\/files\/2023\/12\/b3012_1_2-819x1024.jpg 819w, https:\/\/demotickerberlin.noblogs.org\/files\/2023\/12\/b3012_1_2-768x960.jpg 768w\" sizes=\"auto, (max-width: 767px) 89vw, (max-width: 1000px) 54vw, (max-width: 1071px) 543px, 580px\" \/><\/p>\n<p><strong>\ud83d\udca5Saturday 30 December 2023\ud83d\udca5<\/strong><\/p>\n<p>we report on Saturday #b3012<strong> from 02:00 pm<\/strong> from the demonstration<\/p>\n<p><strong>\ud83d\udd25Solidarity with Palestine!\ud83d\udd25<\/strong><\/p>\n<p><strong>Saturday 30.12.2023 | 02:00 pm | Adenauerplatz, 10707 Berlin<\/strong><\/p>\n<p><strong>Arrival: U7, Bus 109, 110, M19, M29, X10<\/strong><\/p>\n<p>Call: <a href=\"https:\/\/www.instagram.com\/p\/C1XQ5dBMJq8\/\" target=\"_blank\" rel=\"noopener\">https:\/\/www.instagram.com\/p\/C1XQ5dBMJq8\/<\/a><\/p>\n<p>Web-Ticker:\u00a0<a href=\"https:\/\/todon.eu\/@Demo_Ticker_Berlin\" target=\"_blank\" rel=\"noopener\">https:\/\/berlin.demoticker.org<\/a><br \/>\nMastodon:\u00a0<a href=\"https:\/\/todon.eu\/@Demo_Ticker_Berlin\" target=\"_blank\" rel=\"noopener\">@Demo_Ticker_Berlin@todon.eu<\/a><br \/>\nTelegram Ticker:\u00a0<a href=\"https:\/\/todon.eu\/@Demo_Ticker_Berlin\" target=\"_blank\" rel=\"noopener\">https:\/\/t.me\/demotickerberlin<\/a><br \/>\nHashtags: #b3012 #FreePalestine<\/p>\n<p>\ud83d\uddfa\ufe0f<strong> Expected route:<\/strong><\/p>\n<ul>\n<li>Adenauerplatz<\/li>\n<li>Kurf\u00fcrstendamm<\/li>\n<li>Bleibtreustra\u00dfe<\/li>\n<li>Lietzenburger Stra\u00dfe<\/li>\n<li>Olivaer Platz<\/li>\n<\/ul>\n<p><strong>No celebrations during the genocide!<\/strong><\/p>\n<p><strong>Stand up for Palestine!<\/strong><\/p>\n","protected":false},"excerpt":{"rendered":"<p>18 \ud83d\udca5Samstag 30.12.2023\ud83d\udca5 wir berichten am Samstag #b3012 ab 14:00 Uhr\u00a0von der Demonstration \ud83d\udd25Solidarit\u00e4t mit Pal\u00e4stina!\ud83d\udd25 Samstag 30.12.2023 | 14:00 Uhr | Adenauerplatz, 10707 Berlin Anreise: U7, Bus 109, 110, M19, M29, X10 Aufruf: https:\/\/www.instagram.com\/p\/C1XQ5dBMJq8\/ Web-Ticker:\u00a0https:\/\/berlin.demoticker.org Mastodon:\u00a0@Demo_Ticker_Berlin@todon.eu Telegram Ticker:\u00a0https:\/\/t.me\/demotickerberlin Hashtags: #b3012 #FreePalestine \ud83d\uddfa\ufe0f Voraussichtliche Route: Adenauerplatz Kurf\u00fcrstendamm Bleibtreustra\u00dfe Lietzenburger Stra\u00dfe Olivaer Platz Keine Feiern w\u00e4hrend &hellip; <\/p>\n<p class=\"link-more\"><a href=\"https:\/\/demotickerberlin.noblogs.org\/?p=3239\" class=\"more-link\"><span class=\"screen-reader-text\">\u201eSolidarit\u00e4t mit Pal\u00e4stina! (30.12.2023)\u201c <\/span>weiterlesen<\/a><\/p>\n","protected":false},"author":13687,"featured_media":0,"comment_status":"closed","ping_status":"closed","sticky":false,"template":"","format":"aside","meta":{"footnotes":""},"categories":[14],"tags":[156,143],"class_list":["post-3239","post","type-post","status-publish","format-aside","hentry","category-antirassismus","tag-b3012","tag-freepalestine","post_format-post-format-aside"],"_links":{"self":[{"href":"https:\/\/demotickerberlin.noblogs.org\/index.php?rest_route=\/wp\/v2\/posts\/3239","targetHints":{"allow":["GET"]}}],"collection":[{"href":"https:\/\/demotickerberlin.noblogs.org\/index.php?rest_route=\/wp\/v2\/posts"}],"about":[{"href":"https:\/\/demotickerberlin.noblogs.org\/index.php?rest_route=\/wp\/v2\/types\/post"}],"author":[{"embeddable":true,"href":"https:\/\/demotickerberlin.noblogs.org\/index.php?rest_route=\/wp\/v2\/users\/13687"}],"replies":[{"embeddable":true,"href":"https:\/\/demotickerberlin.noblogs.org\/index.php?rest_route=%2Fwp%2Fv2%2Fcomments&post=3239"}],"version-history":[{"count":4,"href":"https:\/\/demotickerberlin.noblogs.org\/index.php?rest_route=\/wp\/v2\/posts\/3239\/revisions"}],"predecessor-version":[{"id":3244,"href":"https:\/\/demotickerberlin.noblogs.org\/index.php?rest_route=\/wp\/v2\/posts\/3239\/revisions\/3244"}],"wp:attachment":[{"href":"https:\/\/demotickerberlin.noblogs.org\/index.php?rest_route=%2Fwp%2Fv2%2Fmedia&parent=3239"}],"wp:term":[{"taxonomy":"category","embeddable":true,"href":"https:\/\/demotickerberlin.noblogs.org\/index.php?rest_route=%2Fwp%2Fv2%2Fcategories&post=3239"},{"taxonomy":"post_tag","embeddable":true,"href":"https:\/\/demotickerberlin.noblogs.org\/index.php?rest_route=%2Fwp%2Fv2%2Ftags&post=3239"}],"curies":[{"name":"wp","href":"https:\/\/api.w.org\/{rel}","templated":true}]}}