{"id":3264,"date":"2024-01-23T18:35:08","date_gmt":"2024-01-23T17:35:08","guid":{"rendered":"https:\/\/demotickerberlin.noblogs.org\/?p=3264"},"modified":"2024-01-23T18:37:11","modified_gmt":"2024-01-23T17:37:11","slug":"27-januar-1945-befreiung-von-auschwitz-27-01-2024","status":"publish","type":"post","link":"https:\/\/demotickerberlin.noblogs.org\/?p=3264","title":{"rendered":"27. Januar 1945 \u2013 Befreiung von Auschwitz! (27.01.2024)"},"content":{"rendered":"<p><img loading=\"lazy\" decoding=\"async\" class=\"alignnone size-full wp-image-6670\" src=\"https:\/\/asanb.noblogs.org\/files\/2024\/01\/b2701_1_1.jpg\" alt=\"\" width=\"1587\" height=\"2245\" \/><\/p>\n<p><strong>\ud83d\udca5Samstag 27.01.2024\ud83d\udca5<\/strong><\/p>\n<p>wir berichten am Samstag #b2701 <strong>ab 13:30 Uhr<\/strong>\u00a0von der Demonstration<\/p>\n<p><strong>\ud83d\udd2527. Januar 1945 \u2013 Befreiung von Auschwitz!\ud83d\udd25<\/strong><\/p>\n<p><strong>Samstag, den 27.01.2024 | 13:30 Uhr | S Sch\u00f6nhauser Allee 12055 Berlin<\/strong><\/p>\n<p><strong>Anreise: U2, 2, S8, S41, S42, S85 U+S Sch\u00f6nhauser Allee<\/strong><\/p>\n<p>\ud83d\udce3 Vollst\u00e4ndiger Aufruf: <a href=\"https:\/\/de.indymedia.org\/node\/330680\" target=\"_blank\" rel=\"noopener\">https:\/\/de.indymedia.org\/node\/330680<\/a><\/p>\n<p>Web-Ticker:\u00a0<a href=\"https:\/\/todon.eu\/@Demo_Ticker_Berlin\" target=\"_blank\" rel=\"noopener\">https:\/\/berlin.demoticker.org<\/a><br \/>\nMastodon:\u00a0<a href=\"https:\/\/todon.eu\/@Demo_Ticker_Berlin\" target=\"_blank\" rel=\"noopener\">@Demo_Ticker_Berlin@todon.eu<\/a><br \/>\nTelegram Ticker:\u00a0<a href=\"https:\/\/todon.eu\/@Demo_Ticker_Berlin\" target=\"_blank\" rel=\"noopener\">https:\/\/t.me\/demotickerberlin<\/a><br \/>\nHashtags: #b2701 #KeinVergeben #KeinVergessen<\/p>\n<p><strong>\ud83d\uddfa\ufe0fVoraussichtliche Route:<\/strong><\/p>\n<ul>\n<li>S-Bhf. Sch\u00f6nhauser Allee<\/li>\n<li>Schivelbeiner Stra\u00dfe<\/li>\n<li>Sch\u00f6nflie\u00dfer Stra\u00dfe<\/li>\n<li>Sch\u00f6nflie\u00dfer Stra\u00dfe\/Bornholmer (ZK)<\/li>\n<li>Bornholmer Stra\u00dfe<\/li>\n<li>Schonensche Stra\u00dfe<\/li>\n<li>Trelleborger Stra\u00dfe<\/li>\n<li>Thulestra\u00dfe<\/li>\n<li>Talstra\u00dfe<\/li>\n<li>Spiekermannstr. (ZK)<\/li>\n<li>Prenzlauer Promenade<\/li>\n<li>Am Steinberg<\/li>\n<li>Pistoriussstra\u00dfe<\/li>\n<li>Heinersdorfer Stra\u00dfe 32 (ZK)<\/li>\n<li>Caligariplatz<\/li>\n<\/ul>\n<p><strong>Antifaschistische Demonstration<\/strong><\/p>\n<div class=\"field field-name-field-abstract field-type-text-long field-label-hidden\">\n<div class=\"field-items\">\n<div class=\"field-item even\">\n<p><strong>Kein Vergessen &#8211; Kein Vergeben<br \/>\n27. Januar 1945 \u2013 Befreiung von Auschwitz<\/strong><\/p>\n<p>Am 27. Januar 1945 erreichte die Rote Armee das Konzentrationslager Auschwitz und befreite die rund 8000 Insass:innen, die sich noch im Lager befanden.<\/p>\n<p>Am Beispiel von Auschwitz zeigt sich die Zusammenarbeit von Nazis und deutscher Gro\u00dfindustrie: Das KZ Auschwitz III Monowitz wurde im Auftrag und mit Geldern der IG Farben errichtet. J\u00fcd:innen, Nazigegner:innen, queere Menschen, Sinti:zze und Rom:nja oder Menschen, die die Nazis als \u00bbasozial\u00ab labelten, wurden hier als billige Arbeitskr\u00e4fte ausgebeutet und sobald sie zu schwach zum arbeiten waren im benachbarten Vernichtungslager Auschwitz-Birkenau ermordet.<\/p>\n<p>79 Jahre sp\u00e4ter gibt sich Deutschland gel\u00e4utert. Im krassen Gegensatz zu dieser Selbstinszenierung steht ein Horst Seehofer, der aktiv Holocaustleugner unterst\u00fctzt(e) oder ein Hubert Aiwanger, der nach dem Skandal um seine KZ-Mordpropaganda als Jugendlicher an Beliebtheit zunahm und bei den Wahlen in Bayern mit 37,2% gew\u00e4hlt wurde.<\/p>\n<p>Neben dieser rechts-b\u00fcrgerlichen Mitte k\u00f6nnen auch klassische Nazis immer ungest\u00f6rter ihr Unwesen treiben. In Pankow und Prenzlauer Berg sind dass u.a. der faschistische Netzwerker Uwe Meenen, der u.a. 2021 f\u00fcr die Sch\u00e4ndung des Grabes von Max Friedl\u00e4nder verantwortlich war oder die Nazipartei &#8222;Dritter Weg&#8220;, deren Mitglieder regelm\u00e4\u00dfig Gewalt aus\u00fcben und gerade in Gro\u00dfbezirk Pankow massiv Propaganda verbreiten. Einer der Verantwortlichen daf\u00fcr ist hier der &#8222;Dritter Weg&#8220;-Nazi Eric S.<\/p>\n<p>Am 27. Januar organisieren wir darum eine Gedenk- und Antifa-Demo. W\u00fcrdevoll gedenkend und k\u00e4mpferisch wollen wir auf die Schicksale der Menschen aufmerksam machen, die in unseren Kiezen von den Nazis verschleppt und ermordet wurden und gleichzeitig den T\u00e4ter:innen von heute entgegentreten.<\/p>\n<p><strong>Kein Vergessen der Opfer!<\/strong><\/p>\n<p><strong>Kein Vergeben den alten und neuen T\u00e4ter:innen!<\/strong><\/p>\n<p><strong>Dank den Befreier:innen!<\/strong><\/p>\n<\/div>\n<\/div>\n<\/div>\n","protected":false},"excerpt":{"rendered":"<p>\ud83d\udca5Samstag 27.01.2024\ud83d\udca5 wir berichten am Samstag #b2701 ab 13:30 Uhr\u00a0von der Demonstration \ud83d\udd2527. Januar 1945 \u2013 Befreiung von Auschwitz!\ud83d\udd25 Samstag, den 27.01.2024 | 13:30 Uhr | S Sch\u00f6nhauser Allee 12055 Berlin Anreise: U2, 2, S8, S41, S42, S85 U+S Sch\u00f6nhauser Allee \ud83d\udce3 Vollst\u00e4ndiger Aufruf: https:\/\/de.indymedia.org\/node\/330680 Web-Ticker:\u00a0https:\/\/berlin.demoticker.org Mastodon:\u00a0@Demo_Ticker_Berlin@todon.eu Telegram Ticker:\u00a0https:\/\/t.me\/demotickerberlin Hashtags: #b2701 #KeinVergeben #KeinVergessen \ud83d\uddfa\ufe0fVoraussichtliche Route: &hellip; <\/p>\n<p class=\"link-more\"><a href=\"https:\/\/demotickerberlin.noblogs.org\/?p=3264\" class=\"more-link\"><span class=\"screen-reader-text\">\u201e27. Januar 1945 \u2013 Befreiung von Auschwitz! (27.01.2024)\u201c <\/span>weiterlesen<\/a><\/p>\n","protected":false},"author":13687,"featured_media":0,"comment_status":"closed","ping_status":"closed","sticky":false,"template":"","format":"aside","meta":{"footnotes":""},"categories":[12],"tags":[49,160,65],"class_list":["post-3264","post","type-post","status-publish","format-aside","hentry","category-antifa-demos","tag-b2701","tag-keinvergeben","tag-keinvergessen","post_format-post-format-aside"],"_links":{"self":[{"href":"https:\/\/demotickerberlin.noblogs.org\/index.php?rest_route=\/wp\/v2\/posts\/3264","targetHints":{"allow":["GET"]}}],"collection":[{"href":"https:\/\/demotickerberlin.noblogs.org\/index.php?rest_route=\/wp\/v2\/posts"}],"about":[{"href":"https:\/\/demotickerberlin.noblogs.org\/index.php?rest_route=\/wp\/v2\/types\/post"}],"author":[{"embeddable":true,"href":"https:\/\/demotickerberlin.noblogs.org\/index.php?rest_route=\/wp\/v2\/users\/13687"}],"replies":[{"embeddable":true,"href":"https:\/\/demotickerberlin.noblogs.org\/index.php?rest_route=%2Fwp%2Fv2%2Fcomments&post=3264"}],"version-history":[{"count":4,"href":"https:\/\/demotickerberlin.noblogs.org\/index.php?rest_route=\/wp\/v2\/posts\/3264\/revisions"}],"predecessor-version":[{"id":3268,"href":"https:\/\/demotickerberlin.noblogs.org\/index.php?rest_route=\/wp\/v2\/posts\/3264\/revisions\/3268"}],"wp:attachment":[{"href":"https:\/\/demotickerberlin.noblogs.org\/index.php?rest_route=%2Fwp%2Fv2%2Fmedia&parent=3264"}],"wp:term":[{"taxonomy":"category","embeddable":true,"href":"https:\/\/demotickerberlin.noblogs.org\/index.php?rest_route=%2Fwp%2Fv2%2Fcategories&post=3264"},{"taxonomy":"post_tag","embeddable":true,"href":"https:\/\/demotickerberlin.noblogs.org\/index.php?rest_route=%2Fwp%2Fv2%2Ftags&post=3264"}],"curies":[{"name":"wp","href":"https:\/\/api.w.org\/{rel}","templated":true}]}}